{"id":491684,"date":"2025-10-26T18:52:13","date_gmt":"2025-10-26T18:52:13","guid":{"rendered":"https:\/\/www.europesays.com\/fr\/491684\/"},"modified":"2025-10-26T18:52:13","modified_gmt":"2025-10-26T18:52:13","slug":"deux-suspects-arretes-pour-le-cambriolage-du-louvre-budget-2026-des-amendements-et-une-taxe-zucman-light-proposee-par-le-ps-lallemagne-manifeste-contre-les-propos-racistes-de-son-cha","status":"publish","type":"post","link":"https:\/\/www.europesays.com\/fr\/491684\/","title":{"rendered":"Deux suspects arr\u00eat\u00e9s pour le cambriolage du Louvre, budget 2026\u00a0: des amendements et une taxe Zucman light propos\u00e9e par le PS, l\u2019Allemagne manifeste contre les propos racistes de son chancelier\u2026 Ce qu\u2019il ne fallait pas manquer ce week-end"},"content":{"rendered":"<p><strong>Cambriolage du Louvre\u00a0: deux suspects ont \u00e9t\u00e9 arr\u00eat\u00e9s<\/strong><\/p>\n<p>L\u2019enqu\u00eate s\u2019acc\u00e9l\u00e8re. Une semaine apr\u00e8s le cambriolage rocambolesque au mus\u00e9e du Louvre, deux suspects ont \u00e9t\u00e9 interpell\u00e9s dans la soir\u00e9e du 25\u00a0octobre et plac\u00e9s en garde \u00e0 vue. Les hommes \u00e9taient d\u00e9j\u00e0 connus des services de police pour des faits de vols.<\/p>\n<p><strong>On a chang\u00e9 d\u2019heure entre samedi et dimanche<\/strong>\u2026<strong> Quels effets sur notre sant\u00e9 et notre travail\u00a0?<\/strong><\/p>\n<p>On a chang\u00e9 d\u2019heure dans la nuit du samedi 25\u00a0octobre au dimanche 26\u00a0octobre\u2026 Avec des effets bien r\u00e9els sur la sant\u00e9 et le travail. Lesquels\u00a0? Et, au fait, on avance ou on recule\u00a0? On remet les pendules \u00e0 l\u2019heure.<\/p>\n<p><strong>Budget 2026\u00a0: les d\u00e9bats avancent lentement \u00e0 l\u2019Assembl\u00e9e nationale\u2026 quels sont les amendements d\u00e9j\u00e0 vot\u00e9s\u00a0?<\/strong><\/p>\n<p>L\u2019Assembl\u00e9e nationale a commenc\u00e9 l\u2019examen du budget en s\u00e9ance publique ce vendredi 25\u00a0octobre. On vous fait un r\u00e9sum\u00e9 de ce qui est pass\u00e9 au vote ce week-end.<\/p>\n<p><strong>Le PS propose une \u00ab\u00a0taxe Zucman light\u00a0\u00bb\u00a0: pourquoi elle ne convainc pas<\/strong><\/p>\n<p>Toujours dans le cadre de l\u2019examen du budget 2026, les socialistes souhaitent un compromis autour d\u2019un imp\u00f4t plancher de 3\u00a0% sur les patrimoines sup\u00e9rieurs \u00e0 10\u00a0millions d\u2019euros, sans int\u00e9grer les entreprises innovantes ou familiales. De quoi rater sa cible.<\/p>\n<p><strong>Des dizaines de milliers d\u2019Allemands manifestent contre les propos racistes de leur chancelier<\/strong><\/p>\n<p>Face \u00e0 un chancelier qui rend les migrants responsables de la d\u00e9gradation de \u00ab\u00a0l\u2019image urbaine\u00a0\u00bb, Die Linke et plusieurs dizaines d\u2019associations se sont mobilis\u00e9es, samedi, dans de nombreuses villes du pays.<\/p>\n<p><strong>L\u2019Irlande a une nouvelle pr\u00e9sidente\u2026 Et elle est de gauche, anti-imp\u00e9rialiste et militante de la paix<\/strong><\/p>\n<p>Catherine Connolly, la candidate de la gauche irlandaise a remport\u00e9 haut la main l\u2019\u00e9lection pr\u00e9sidentielle ce dimanche 26\u00a0octobre, avec un programme pr\u00f4nant, entre autres, l\u2019action urgente contre le r\u00e9chauffement climatique, la r\u00e9unification de l\u2019Irlande et les droits des Palestiniens.<\/p>\n<p><strong>Transat Caf\u00e9 L\u2019Or\u00a0: trois voiliers ont chavir\u00e9 d\u00e8s la premi\u00e8re nuit agit\u00e9e, Violette Dorange a embarqu\u00e9 avec Samantha Davies<\/strong><\/p>\n<p>Trois des Ocean Fifty, l\u2019une des cat\u00e9gories ayant avanc\u00e9 son d\u00e9part de la Route du caf\u00e9 d\u2019un jour, ont abandonn\u00e9 dans les premi\u00e8res heures de la course. Face \u00e0 eux, des rafales de 55\u00a0km\/h et trois m\u00e8tres de creux\u2026 De quoi inciter \u00e0 la prudence le reste de la flotte de la transatlantique en double, qui s\u2019est \u00e9lanc\u00e9 dimanche 26\u00a0octobre du\u00a0Havre. Parmi eux, la navigatrice Violette Dorange qui a pris la mer \u00e0 destination de la Martinique avec Samantha Davies (Initiatives-C\u0153ur).<\/p>\n<p><strong>Et aussi\u00a0:<\/strong><\/p>\n<p>Avant de partir, une derni\u00e8re chose\u2026<\/p>\n<p>Contrairement \u00e0 90% des m\u00e9dias fran\u00e7ais aujourd\u2019hui, <strong>l\u2019Humanit\u00e9 ne d\u00e9pend ni de grands groupes ni de milliardaires<\/strong>. Cela signifie que : <\/p>\n<ul class=\"wp-block-list\">\n<li>nous vous apportons des informations impartiales, sans compromis. Mais aussi que <\/li>\n<li>nous n\u2019avons pas les moyens financiers dont b\u00e9n\u00e9ficient les autres m\u00e9dias.<\/li>\n<\/ul>\n<p><strong>L\u2019information ind\u00e9pendante et de qualit\u00e9 a un co\u00fbt<\/strong>. Payez-le.<br \/><a href=\"https:\/\/stage.preprod.humanite.fr\/lhumanite-cest-vous\" data-type=\"link\" data-id=\"https:\/\/stage.preprod.humanite.fr\/lhumanite-cest-vous\" target=\"_blank\" rel=\"noopener\">Je veux en savoir plus<\/a><\/p>\n","protected":false},"excerpt":{"rendered":"Cambriolage du Louvre\u00a0: deux suspects ont \u00e9t\u00e9 arr\u00eat\u00e9s L\u2019enqu\u00eate s\u2019acc\u00e9l\u00e8re. Une semaine apr\u00e8s le cambriolage rocambolesque au mus\u00e9e&hellip;\n","protected":false},"author":2,"featured_media":491685,"comment_status":"","ping_status":"","sticky":false,"template":"","format":"standard","meta":{"footnotes":""},"categories":[1587],"tags":[11,672,1003,1804,1805,1803,1777,674,1801,12,1802],"class_list":{"0":"post-491684","1":"post","2":"type-post","3":"status-publish","4":"format-standard","5":"has-post-thumbnail","7":"category-allemagne","8":"tag-actualites","9":"tag-allemagne","10":"tag-budget","11":"tag-bundesrepublik-deutschland","12":"tag-de","13":"tag-deutschland","14":"tag-eu","15":"tag-europe","16":"tag-germany","17":"tag-news","18":"tag-republique-federale-dallemagne"},"share_on_mastodon":{"url":"https:\/\/pubeurope.com\/@fr\/115441981805535999","error":""},"_links":{"self":[{"href":"https:\/\/www.europesays.com\/fr\/wp-json\/wp\/v2\/posts\/491684","targetHints":{"allow":["GET"]}}],"collection":[{"href":"https:\/\/www.europesays.com\/fr\/wp-json\/wp\/v2\/posts"}],"about":[{"href":"https:\/\/www.europesays.com\/fr\/wp-json\/wp\/v2\/types\/post"}],"author":[{"embeddable":true,"href":"https:\/\/www.europesays.com\/fr\/wp-json\/wp\/v2\/users\/2"}],"replies":[{"embeddable":true,"href":"https:\/\/www.europesays.com\/fr\/wp-json\/wp\/v2\/comments?post=491684"}],"version-history":[{"count":0,"href":"https:\/\/www.europesays.com\/fr\/wp-json\/wp\/v2\/posts\/491684\/revisions"}],"wp:featuredmedia":[{"embeddable":true,"href":"https:\/\/www.europesays.com\/fr\/wp-json\/wp\/v2\/media\/491685"}],"wp:attachment":[{"href":"https:\/\/www.europesays.com\/fr\/wp-json\/wp\/v2\/media?parent=491684"}],"wp:term":[{"taxonomy":"category","embeddable":true,"href":"https:\/\/www.europesays.com\/fr\/wp-json\/wp\/v2\/categories?post=491684"},{"taxonomy":"post_tag","embeddable":true,"href":"https:\/\/www.europesays.com\/fr\/wp-json\/wp\/v2\/tags?post=491684"}],"curies":[{"name":"wp","href":"https:\/\/api.w.org\/{rel}","templated":true}]}}