{"id":491694,"date":"2025-10-26T19:00:10","date_gmt":"2025-10-26T19:00:10","guid":{"rendered":"https:\/\/www.europesays.com\/fr\/491694\/"},"modified":"2025-10-26T19:00:10","modified_gmt":"2025-10-26T19:00:10","slug":"tous-les-resultats-de-la-7e-journee-et-les-classements","status":"publish","type":"post","link":"https:\/\/www.europesays.com\/fr\/491694\/","title":{"rendered":"tous les r\u00e9sultats de la 7e journ\u00e9e et les classements"},"content":{"rendered":"<p>            Par<br \/>\n        <strong><br \/>\n            <a href=\"https:\/\/actu.fr\/auteur\/saintsevin-justine\" title=\"Consulter tous les articles de Justine Saint-Sevin\" target=\"_blank\" rel=\"noopener\">Justine Saint-Sevin<\/a><br \/>\n        <\/strong><\/p>\n<p>        Publi\u00e9 le<\/p>\n<p>            26 oct. 2025 \u00e0 18h00        <\/p>\n<p>La Nationale 2 vivait ce week-end des 25 et 26 octobre la 7e journ\u00e9e de son championnat. Dans la poule 1, Salles a r\u00e9ussi un joli coup en renversant dans le final le leader langonnais, tandis qu\u2019Orl\u00e9ans s\u2019est offert le plus gros \u00e9cart en \u00e9crasant Anglet (+40). En parall\u00e8le, les leaders de la poule 2, Rumilly et N\u00eemes ont parfaitement n\u00e9goci\u00e9\u00a0leurs d\u00e9placements loin de leurs bases. Retrouvez sur <a href=\"https:\/\/actu.fr\/rugby\/\" target=\"_blank\" rel=\"noopener\">Actu Rugby<\/a> <strong>tous les r\u00e9sultats de cette 7e journ\u00e9e<\/strong>, ainsi que <strong>le classement<\/strong> des deux poules.<\/p>\n<p>Nationale 2\u2009: les r\u00e9sultats de la 7e journ\u00e9e<\/p>\n<p class=\" wall-content\"><strong>Poule 1<\/strong><\/p>\n<ul class=\" wall-content\">\n<li>Graulhet \u2013 Tyrosse\u2009: 19-13<\/li>\n<li>Nantes \u2013 Maul\u00e9on\u2009: 36-20<\/li>\n<li>Marmande \u2013 Valence d\u2019Agen\u2009: 20-13<\/li>\n<li>Drancy\/Saint-Denis \u2013 Saint-Jean-de-Luz\u2009: 20-10<\/li>\n<li>Orl\u00e9ans \u2013 Anglet\u2009: 47-7<\/li>\n<li>Salles \u2013 Langon\u2009: 22-20<\/li>\n<\/ul>\n<p class=\" wall-content\"><strong>Poule 2<\/strong><\/p>\n<ul class=\" wall-content\">\n<li>Tricastin \u2013 N\u00eemes\u2009: 22-27<\/li>\n<li>Gen\u00e8ve \u2013 Rumilly\u2009: 6-16<\/li>\n<li>Aubenas Vals \u2013 Macon\u2009: 28-16<\/li>\n<li>La-Seyne-sur-Mer \u2013 Fleurance\u2009: 23-16<\/li>\n<li>Lannemezan \u2013 Stade M\u00e9tropolitain\u2009: 25-23<\/li>\n<li>Auch \u2013 Vienne\u2009: 29-32<\/li>\n<\/ul>\n<p><strong>Nationale<\/strong> 2\u2009: les classements<\/p>\n<p class=\" wall-content\">Retrouvez les classements des deux poules de Nationale 2\u00a0<a href=\"https:\/\/monclubhouse.ffr.fr\/nationales\/nationale-2\/qualification-44287\/66521\/classements\" target=\"_blank\" rel=\"noopener\">ici<\/a>.<\/p>\n<p class=\" wall-content\">La 8e journ\u00e9e de Nationale 2 se disputera les 8 et 9\u00a0novembre.<\/p>\n<p class=\" wall-content\">Personnalisez votre actualit\u00e9 en ajoutant vos villes et m\u00e9dias en favori avec <a href=\"https:\/\/moncompte.actu.fr\" title=\"D\u00e9couvez Mon Actu\" rel=\"nofollow noopener\" data-trk=\"{&quot;cta&quot;:{&quot;action&quot;:&quot;https:\\\/\\\/moncompte.actu.fr&quot;,&quot;category&quot;:&quot;mon compte&quot;,&quot;from&quot;:&quot;article footer&quot;,&quot;name&quot;:&quot;Mon actu&quot;,&quot;type&quot;:&quot;cta&quot;}}\" target=\"_blank\">Mon Actu<\/a>.<\/p>\n","protected":false},"excerpt":{"rendered":"Par Justine Saint-Sevin Publi\u00e9 le 26 oct. 2025 \u00e0 18h00 La Nationale 2 vivait ce week-end des 25&hellip;\n","protected":false},"author":2,"featured_media":196165,"comment_status":"","ping_status":"","sticky":false,"template":"","format":"standard","meta":{"footnotes":""},"categories":[1416],"tags":[1011,27,4361,4362,3788,479,4126,1468,60],"class_list":{"0":"post-491694","1":"post","2":"type-post","3":"status-publish","4":"format-standard","5":"has-post-thumbnail","7":"category-rugby","8":"tag-fr","9":"tag-france","10":"tag-nationale","11":"tag-nationale-2","12":"tag-pro","13":"tag-rugby","14":"tag-rugby-amateur","15":"tag-rugby-football","16":"tag-sports"},"share_on_mastodon":{"url":"https:\/\/pubeurope.com\/@fr\/115442012978395596","error":""},"_links":{"self":[{"href":"https:\/\/www.europesays.com\/fr\/wp-json\/wp\/v2\/posts\/491694","targetHints":{"allow":["GET"]}}],"collection":[{"href":"https:\/\/www.europesays.com\/fr\/wp-json\/wp\/v2\/posts"}],"about":[{"href":"https:\/\/www.europesays.com\/fr\/wp-json\/wp\/v2\/types\/post"}],"author":[{"embeddable":true,"href":"https:\/\/www.europesays.com\/fr\/wp-json\/wp\/v2\/users\/2"}],"replies":[{"embeddable":true,"href":"https:\/\/www.europesays.com\/fr\/wp-json\/wp\/v2\/comments?post=491694"}],"version-history":[{"count":0,"href":"https:\/\/www.europesays.com\/fr\/wp-json\/wp\/v2\/posts\/491694\/revisions"}],"wp:featuredmedia":[{"embeddable":true,"href":"https:\/\/www.europesays.com\/fr\/wp-json\/wp\/v2\/media\/196165"}],"wp:attachment":[{"href":"https:\/\/www.europesays.com\/fr\/wp-json\/wp\/v2\/media?parent=491694"}],"wp:term":[{"taxonomy":"category","embeddable":true,"href":"https:\/\/www.europesays.com\/fr\/wp-json\/wp\/v2\/categories?post=491694"},{"taxonomy":"post_tag","embeddable":true,"href":"https:\/\/www.europesays.com\/fr\/wp-json\/wp\/v2\/tags?post=491694"}],"curies":[{"name":"wp","href":"https:\/\/api.w.org\/{rel}","templated":true}]}}