{"id":491700,"date":"2025-10-26T19:07:11","date_gmt":"2025-10-26T19:07:11","guid":{"rendered":"https:\/\/www.europesays.com\/fr\/491700\/"},"modified":"2025-10-26T19:07:11","modified_gmt":"2025-10-26T19:07:11","slug":"anthony-delon-ce-cliche-de-son-dimanche-en-famille-a-douchy-partage-par-le-fils-dalain-delon","status":"publish","type":"post","link":"https:\/\/www.europesays.com\/fr\/491700\/","title":{"rendered":"Anthony Delon : ce clich\u00e9 de son dimanche en famille \u00e0 Douchy partag\u00e9 par le fils d\u2019Alain Delon"},"content":{"rendered":"<p>Les derniers moments d\u2019<a href=\"https:\/\/www.closermag.fr\/people\/alain-delon-sale-periode-pour-anthony-delon-ce-vol-a-17-000-euros-qui-restera-mysterieux-3575711\" target=\"_blank\" rel=\"noopener\">Alain<br \/>\nDelon<\/a> ont \u00e9t\u00e9 marqu\u00e9s par la d\u00e9chirure dans la famille. Un<br \/>\nconflit entre <strong>Anthony<\/strong>, <strong>Anouchka<\/strong><br \/>\net <a href=\"https:\/\/www.closermag.fr\/people\/anthony-delon-a-douchy-il-snobe-volontiers-alain-fabien-pour-un-autre-membre-de-sa-famille-3578090\" target=\"_blank\" rel=\"noopener\"><br \/>\nAlain-Fabien Delon<\/a> qui, malheureusement, s\u2019est intensifi\u00e9 apr\u00e8s<br \/>\nla mort de l\u2019acteur, le 18 ao\u00fbt 2024. Notons que la tension dans la<br \/>\nfamille est \u00e0 son paroxysme concernant l\u2019h\u00e9ritage du Samoura\u00ef.<\/p>\n<p>Entre-temps, l\u2019a\u00een\u00e9 de la famille, <a href=\"https:\/\/www.closermag.fr\/people\/alain-delon-anthony-delon-a-seche-la-ceremonie-officielle-mais-son-apparition-etait-bien-plus-symbolique-3571952\" target=\"_blank\" rel=\"noopener\"><br \/>\nAnthony Delon<\/a>, 61 ans, profite du calme de la maison familiale<br \/>\nde <strong>Douchy<\/strong>. D\u2019ailleurs, l\u2019acteur et p\u00e8re de famille<br \/>\na pos\u00e9 ses valises dans <a href=\"https:\/\/www.closermag.fr\/people\/alain-delon-lhommage-un-an-apres-sa-mort-a-douchy-un-peu-nimporte-quoi-pour-les-rares-qui-y-etaient-3571929\" target=\"_blank\" rel=\"noopener\"><br \/>\nla propri\u00e9t\u00e9 du Centre-Val de Loire<\/a> depuis plus d\u2019un an<br \/>\nmaintenant. Partageant son quotidien sur Instagram, il avait publi\u00e9<br \/>\nune vid\u00e9o en mai dernier. \u00ab\u00a0Ce <strong>samedi avec<br \/>\nLiv<\/strong>, ma fille, on a eu l\u2019envie de se livrer \u00e0 un<br \/>\npetit entretien, sur ce lieu, Douchy, que l\u2019on fait vivre depuis<br \/>\nmaintenant pr\u00e8s d\u2019un an\u00a0\u00bb, a-t-il confi\u00e9.<\/p>\n<p>Anthony Delon : ces moments privil\u00e9gi\u00e9s p\u00e8re-fille avec Liv<br \/>\n!<\/p>\n<p>Toujours dans <a href=\"https:\/\/www.closermag.fr\/people\/anthony-delon-a-douchy-sa-video-tres-symbolique-un-an-apres-la-mort-de-son-pere-3571823\" target=\"_blank\" rel=\"noopener\"><br \/>\ncette vid\u00e9o<\/a>, <strong>Anthony Delon<\/strong> a affirm\u00e9 que la<br \/>\nmaison \u00e9tait maintenant \u00ab\u00a0beaucoup plus sereine\u00a0\u00bb.<br \/>\n\u00ab\u00a0<strong>Toutes les tensions<\/strong> qui se sont<br \/>\naccumul\u00e9es la derni\u00e8re ann\u00e9e sont parties. Aujourd\u2019hui r\u00e8gne une<br \/>\ns\u00e9r\u00e9nit\u00e9, un calme. C\u2019est <strong>un havre de<br \/>\npaix<\/strong> maintenant\u00a0\u00bb, avait-il soulign\u00e9. Ce<br \/>\ncalme et cette s\u00e9r\u00e9nit\u00e9 sont les mots d\u2019ordre des moments entre le<br \/>\np\u00e8re de famille et sa fille.<\/p>\n<p>Apr\u00e8s tout, au d\u00e9but de ce mois d\u2019octobre, il avait \u00e9galement<br \/>\npartag\u00e9 un bon moment de d\u00e9tente avec sa fille, Liv. P\u00e8re et fille<br \/>\navaient profit\u00e9 d\u2019un doux moment pour <strong>s\u2019affronter au<br \/>\nbackgammon<\/strong>. Il s\u2019agit de l\u2019un des jeux de soci\u00e9t\u00e9 pr\u00e9f\u00e9r\u00e9s<br \/>\nd\u2019<strong>Alain Delon<\/strong>.\u00a0\u00a0<\/p>\n<blockquote class=\"instagram-media\" style=\"background: #ffffff;border: 0;margin: 1px;width: 100%;padding: 0;max-width: 500px;\" data-instgrm-permalink=\"https:\/\/www.instagram.com\/p\/DDknDiaIulH\/?utm_source=ig_web_copy_link&amp;igsh=MzRlODBiNWFlZA==\" data-instgrm-version=\"14\"\/><p>\nAnthony Delon : dimanche calme avec Liv<br \/>\n!<\/p>\n<p>Ce dimanche 26 octobre, <strong>Anthony Delon<\/strong> s\u2019est<br \/>\nempar\u00e9 d\u2019Instagram pour partager un autre moment privil\u00e9gi\u00e9 avec sa<br \/>\nfille <a href=\"https:\/\/www.telestar.fr\/people\/anthony-delon-qui-sont-ses-deux-autres-filles-lou-et-liv-photos-159925\" target=\"_blank\" rel=\"noopener\"><br \/>\nLiv Delon<\/a>. Dans sa story, le fils d\u2019<strong>Alain<br \/>\nDelon<\/strong> a partag\u00e9 une photo de la jeune femme de 24 ans.<br \/>\nPain choco \u00e0 la main, elle semble \u00eatre en pleine discussion<br \/>\nsilencieuse avec sa chienne, Blew, qui semble convoiter la<br \/>\nviennoiserie.<\/p>\n<blockquote class=\"instagram-media\" style=\"background: #ffffff;border: 0;margin: 1px;width: 100%;padding: 0;max-width: 500px;\" data-instgrm-permalink=\"https:\/\/www.instagram.com\/p\/CJEbSNzlj29\/?utm_source=ig_web_copy_link&amp;igsh=MzRlODBiNWFlZA==\" data-instgrm-version=\"14\"\/>\n<p>Un bout de sa langue d\u00e9j\u00e0 sorti, il est certain que l\u2019animal de<br \/>\ncompagnie n\u2019a d\u2019yeux que pour le pain au chocolat. \u00ab\u00a0Breakfast<br \/>\nat Delon\u2019s\u00a0\u00bb, peut-on lire en l\u00e9gende \u00e0 la photo. Un moment<br \/>\ncalme et serein, en effet\u2026<\/p>\n<p><script async src=\"\/\/www.instagram.com\/embed.js\"><\/script><\/p>\n","protected":false},"excerpt":{"rendered":"Les derniers moments d\u2019Alain Delon ont \u00e9t\u00e9 marqu\u00e9s par la d\u00e9chirure dans la famille. Un conflit entre Anthony,&hellip;\n","protected":false},"author":2,"featured_media":491701,"comment_status":"","ping_status":"","sticky":false,"template":"","format":"standard","meta":{"footnotes":""},"categories":[1359],"tags":[22608,58,59,1011,27,973],"class_list":{"0":"post-491700","1":"post","2":"type-post","3":"status-publish","4":"format-standard","5":"has-post-thumbnail","7":"category-people","8":"tag-anthony-delon","9":"tag-divertissement","10":"tag-entertainment","11":"tag-fr","12":"tag-france","13":"tag-people"},"share_on_mastodon":{"url":"https:\/\/pubeurope.com\/@fr\/115442040465719745","error":""},"_links":{"self":[{"href":"https:\/\/www.europesays.com\/fr\/wp-json\/wp\/v2\/posts\/491700","targetHints":{"allow":["GET"]}}],"collection":[{"href":"https:\/\/www.europesays.com\/fr\/wp-json\/wp\/v2\/posts"}],"about":[{"href":"https:\/\/www.europesays.com\/fr\/wp-json\/wp\/v2\/types\/post"}],"author":[{"embeddable":true,"href":"https:\/\/www.europesays.com\/fr\/wp-json\/wp\/v2\/users\/2"}],"replies":[{"embeddable":true,"href":"https:\/\/www.europesays.com\/fr\/wp-json\/wp\/v2\/comments?post=491700"}],"version-history":[{"count":0,"href":"https:\/\/www.europesays.com\/fr\/wp-json\/wp\/v2\/posts\/491700\/revisions"}],"wp:featuredmedia":[{"embeddable":true,"href":"https:\/\/www.europesays.com\/fr\/wp-json\/wp\/v2\/media\/491701"}],"wp:attachment":[{"href":"https:\/\/www.europesays.com\/fr\/wp-json\/wp\/v2\/media?parent=491700"}],"wp:term":[{"taxonomy":"category","embeddable":true,"href":"https:\/\/www.europesays.com\/fr\/wp-json\/wp\/v2\/categories?post=491700"},{"taxonomy":"post_tag","embeddable":true,"href":"https:\/\/www.europesays.com\/fr\/wp-json\/wp\/v2\/tags?post=491700"}],"curies":[{"name":"wp","href":"https:\/\/api.w.org\/{rel}","templated":true}]}}