{"id":491718,"date":"2025-10-26T19:18:13","date_gmt":"2025-10-26T19:18:13","guid":{"rendered":"https:\/\/www.europesays.com\/fr\/491718\/"},"modified":"2025-10-26T19:18:13","modified_gmt":"2025-10-26T19:18:13","slug":"les-premiers-resultats-donnent-une-victoire-ecrasante-pour-alassane-ouattara","status":"publish","type":"post","link":"https:\/\/www.europesays.com\/fr\/491718\/","title":{"rendered":"les premiers r\u00e9sultats donnent une victoire \u00e9crasante pour Alassane Ouattara"},"content":{"rendered":"<p>\n    Le pr\u00e9sident sortant, \u00e2g\u00e9 de 83 ans, file sans surprise vers un quatri\u00e8me mandat. Les scores d\u00e9passent 90% dans certains d\u00e9partements.<\/p>\n<p class=\"fig-paragraph\">Les premiers r\u00e9sultats de\u00a0<a href=\"http:\/\/www.lefigaro.fr\/flash-actu\/cote-d-ivoire-fin-du-vote-pour-l-election-presidentielle-20251025\" target=\"_blank\" data-fig-type=\"NewsFlash\" rel=\"noopener nofollow\" data-gtm-custom-categorie=\"navigation\" data-gtm-custom-action=\"crossclick\" data-gtm-custom-label=\"Contextuel\" data-gtm-event=\"customEventSPE\" data-fig-domain=\"LEFIGARO\">la pr\u00e9sidentielle ivoirienne<\/a>\u00a0\u00e9taient \u00e9gren\u00e9s par la Commission \u00e9lectorale dimanche, avec des scores \u00e9crasants dans certains d\u00e9partements, souvent au-del\u00e0 de 90%, pour Alassane Ouattara qui file sans surprise \u00e0 83 ans vers un quatri\u00e8me mandat. Pr\u00e8s de 9 millions \u00e9taient appel\u00e9s \u00e0 voter samedi, dans ce pays premier producteur mondial de cacao et redevenu un p\u00f4le de stabilit\u00e9 au sein d&rsquo;une Afrique de l&rsquo;ouest secou\u00e9e par les putschs et les attaques jihadistes. La Commission \u00e9lectorale ind\u00e9pendante (CEI) publie au fil de la journ\u00e9e les r\u00e9sultats pour chacun des 111 d\u00e9partements ainsi que le district d&rsquo;Abidjan et de la capitale Yamoussoukro. Les r\u00e9sultats compil\u00e9s devraient \u00eatre connus dans la nuit de dimanche \u00e0 lundi.<\/p>\n<p class=\"fig-paragraph\">Dans le Nord, r\u00e9gion \u00e0 dominante malink\u00e9, l&rsquo;ethnie du chef de l&rsquo;\u00c9tat, comme \u00e0 chaque pr\u00e9sidentielle, il a fait carton plein. 99,7% \u00e0 Kani ainsi que dans son fief de Kong, 98,1% \u00e0 Ferkessedougou ou encore 97,8% \u00e0 Sin\u00e9matiali, \u00e0 chaque fois avec une participation approchant les 100% dans ces zones rurales du pays. M\u00eame \u00e0 Dabakala, o\u00f9 l&rsquo;un de ses rivaux de samedi Jean-Louis Billon est \u00e9lu d\u00e9put\u00e9, le pr\u00e9sident a d\u00e9pass\u00e9 les 92%. Dans les zones du sud et de l&rsquo;ouest, o\u00f9 beaucoup de bureaux \u00e9taient d\u00e9serts, les chiffres de participation \u00e9taient plus faibles, mais \u00abADO\u00bb restait en t\u00eate. Dans la commune cossue de Cocody \u00e0 Abidjan, moins de 20% des \u00e9lecteurs se sont par exemple d\u00e9plac\u00e9s, et M. Ouattara a recueilli 68% des voix.<\/p>\n<p>                                    <a class=\"fig-a11y-skip a11y-hidden\" href=\"#fig-a11y-skip-main-inarticle\"><br \/>\n        Passer la publicit\u00e9<br \/>\n    <\/a><\/p>\n<p>Un score de 94% en 2020<\/p>\n<p class=\"fig-paragraph\">Le chiffre officiel de la participation nationale n&rsquo;est pas encore connu mais le pr\u00e9sident de la Commission \u00e9lectorale ind\u00e9pendante (CEI), Ibrahime Kuibiert Coulibaly a estim\u00e9 samedi soir qu&rsquo;elle devrait \u00abavoisiner les 50%\u00bb. Ces scores \u00e9crasants et le d\u00e9sint\u00e9r\u00eat d&rsquo;une partie des Ivoiriens pour le scrutin s&rsquo;expliquent en grande partie par l&rsquo;absence de ses deux principaux rivaux. Ni le banquier international Tidjane Thiam, ni l&rsquo;ancien pr\u00e9sident Laurent Gbagbo n&rsquo;\u00e9taient sur les bulletins de vote samedi, tous deux ayant \u00e9t\u00e9 \u00e9cart\u00e9s du scrutin et radi\u00e9s des listes \u00e9lectorales, le premier pour des probl\u00e8mes de nationalit\u00e9, le second pour une condamnation p\u00e9nale.<\/p>\n<p class=\"fig-paragraph\">\u00abOn observe une fracture tr\u00e8s claire entre le nord et le sud. Le taux r\u00e9el de participation est plus faible qu&rsquo;annonc\u00e9. On peut \u00e9mettre des doutes sur la l\u00e9gitimit\u00e9 d&rsquo;un pr\u00e9sident \u00e9lu dans ces conditions\u00bb, a d\u00e9clar\u00e9 \u00e0 l&rsquo;AFP Simon Doho, chef de file des d\u00e9put\u00e9s du PDCI, le parti de M. Thiam. De quoi rappeler la derni\u00e8re \u00e9lection, en 2020, o\u00f9 M. Ouattara avait obtenu 94% des voix avec une participation l\u00e9g\u00e8rement au-dessus de 50%, dans un scrutin alors boycott\u00e9 par les principaux opposants. Ce samedi, quatre adversaires lui faisaient face, mais aucun n&rsquo;a de chance d&rsquo;arriver \u00e0 un second tour, faute de soutien d&rsquo;un grand parti ou de moyens financiers importants.<\/p>\n<p>Des incidents signal\u00e9s dans plusieurs lieux de vote<\/p>\n<p class=\"fig-paragraph\">Si le scrutin s&rsquo;est d\u00e9roul\u00e9 globalement dans le calme, des incidents ont \u00e9t\u00e9 signal\u00e9s dans 2% des lieux de vote, soit environ 200 endroits, selon un bilan des forces de l&rsquo;ordre transmis \u00e0 l&rsquo;AFP. Des heurts ont \u00e9clat\u00e9 dans plusieurs localit\u00e9s du sud et de l&rsquo;ouest, mais sans \u00abincidence majeure sur le d\u00e9roulement du scrutin\u00bb, selon le ministre de l&rsquo;Int\u00e9rieur Vagondo Diomand\u00e9. Selon une source s\u00e9curitaire contact\u00e9e par l&rsquo;AFP, une personne de nationalit\u00e9 burkinab\u00e8 est morte dans la r\u00e9gion de Gadouan (centre-ouest) dans des affrontements intercommunautaires, samedi apr\u00e8s-midi.<\/p>\n<p class=\"fig-paragraph\">Vingt-deux autres ont \u00e9t\u00e9 bless\u00e9es, par balle ou arme blanche, l&rsquo;un d&rsquo;eux, avec le \u00abpronostic vital engag\u00e9\u00bb a-t-on appris de m\u00eame source et les forces de s\u00e9curit\u00e9 ont \u00e9t\u00e9 d\u00e9ploy\u00e9es pour ramener le calme. Un adolescent de 13 ans a \u00e9t\u00e9 tu\u00e9 \u00abpar un tir\u00bb provenant d&rsquo;un v\u00e9hicule de transport en commun \u00e0 Gregbeu (centre-ouest), selon cette source. Au total, six personnes sont mortes depuis mi-octobre en marge du processus \u00e9lectoral, dont deux le jour du scrutin.<\/p>\n<p class=\"fig-paragraph\">La C\u00f4te d&rsquo;Ivoire est un pays o\u00f9 cohabitent une soixantaine d&rsquo;ethnies de diverses langues et religions et une large population \u00e9trang\u00e8re principalement venue des pays sah\u00e9liens voisins. L&rsquo;\u00e9lection pr\u00e9sidentielle est toujours synonyme de tensions politiques et intercommunautaires dans l&rsquo;esprit de nombreux Ivoiriens, apr\u00e8s les scrutins de 2010 (3000 morts) et 2020 (85 morts). Pr\u00e8s de 44.000 membres de forces de l&rsquo;ordre \u00e9taient d\u00e9ploy\u00e9s sur tout le territoire et le pouvoir avait interdit les manifestations des opposants in\u00e9ligibles en octobre, proc\u00e9dant \u00e0 des centaines d&rsquo;arrestations pour troubles \u00e0 l&rsquo;ordre public notamment.<\/p>\n","protected":false},"excerpt":{"rendered":"Le pr\u00e9sident sortant, \u00e2g\u00e9 de 83 ans, file sans surprise vers un quatri\u00e8me mandat. Les scores d\u00e9passent 90%&hellip;\n","protected":false},"author":2,"featured_media":491719,"comment_status":"","ping_status":"","sticky":false,"template":"","format":"standard","meta":{"footnotes":""},"categories":[5],"tags":[11,1639,1011,27,14,12,3766,28],"class_list":{"0":"post-491718","1":"post","2":"type-post","3":"status-publish","4":"format-standard","5":"has-post-thumbnail","7":"category-international","8":"tag-actualites","9":"tag-cote-divoire","10":"tag-fr","11":"tag-france","12":"tag-international","13":"tag-news","14":"tag-presidentielle","15":"tag-world"},"share_on_mastodon":{"url":"https:\/\/pubeurope.com\/@fr\/115442083744917146","error":""},"_links":{"self":[{"href":"https:\/\/www.europesays.com\/fr\/wp-json\/wp\/v2\/posts\/491718","targetHints":{"allow":["GET"]}}],"collection":[{"href":"https:\/\/www.europesays.com\/fr\/wp-json\/wp\/v2\/posts"}],"about":[{"href":"https:\/\/www.europesays.com\/fr\/wp-json\/wp\/v2\/types\/post"}],"author":[{"embeddable":true,"href":"https:\/\/www.europesays.com\/fr\/wp-json\/wp\/v2\/users\/2"}],"replies":[{"embeddable":true,"href":"https:\/\/www.europesays.com\/fr\/wp-json\/wp\/v2\/comments?post=491718"}],"version-history":[{"count":0,"href":"https:\/\/www.europesays.com\/fr\/wp-json\/wp\/v2\/posts\/491718\/revisions"}],"wp:featuredmedia":[{"embeddable":true,"href":"https:\/\/www.europesays.com\/fr\/wp-json\/wp\/v2\/media\/491719"}],"wp:attachment":[{"href":"https:\/\/www.europesays.com\/fr\/wp-json\/wp\/v2\/media?parent=491718"}],"wp:term":[{"taxonomy":"category","embeddable":true,"href":"https:\/\/www.europesays.com\/fr\/wp-json\/wp\/v2\/categories?post=491718"},{"taxonomy":"post_tag","embeddable":true,"href":"https:\/\/www.europesays.com\/fr\/wp-json\/wp\/v2\/tags?post=491718"}],"curies":[{"name":"wp","href":"https:\/\/api.w.org\/{rel}","templated":true}]}}