{"id":491726,"date":"2025-10-26T19:23:27","date_gmt":"2025-10-26T19:23:27","guid":{"rendered":"https:\/\/www.europesays.com\/fr\/491726\/"},"modified":"2025-10-26T19:23:27","modified_gmt":"2025-10-26T19:23:27","slug":"lessentiel-a-retenir-de-la-11e-journee-de-ligue-2","status":"publish","type":"post","link":"https:\/\/www.europesays.com\/fr\/491726\/","title":{"rendered":"l&rsquo;essentiel \u00e0 retenir de la 11e journ\u00e9e de Ligue 2"},"content":{"rendered":"<p>  La fess\u00e9e\u00a0: Annecy punit les Verts<\/p>\n<p>Pour le retour de son stade, Annecy ne pouvait r\u00eaver mieux. Les 12 486 spectateurs d&rsquo;un Parc des Sports modernis\u00e9 ont assist\u00e9 \u00e0 une d\u00e9monstration face \u00e0 l&rsquo;AS Saint-\u00c9tienne (4-0), trop vite r\u00e9duite \u00e0 dix apr\u00e8s l&rsquo;expulsion du Serbe Igor Miladinovic (13e), pour une vilaine semelle sur le tibia de Cl\u00e9ment Billemaz. L&rsquo;avant-centre ivoirien Ben Hamed Tour\u00e9 s&rsquo;est particuli\u00e8rement illustr\u00e9\u00a0: entr\u00e9 \u00e0 la 60e minute, il a marqu\u00e9 et offert deux passes d\u00e9cisives, dans une derni\u00e8re demi-heure synonyme de naufrage pour l&rsquo;arri\u00e8re-garde for\u00e9zienne.\u00a0<\/p>\n<p>Annecy pr\u00e9serve son historique invincibilit\u00e9 \u00e0 domicile face aux Verts et remontent au huiti\u00e8me rang. <a href=\"https:\/\/www.ledauphine.com\/sport\/2025\/10\/19\/le-red-star-en-forme-clermont-dans-le-dur-ce-qu-il-faut-retenir-de-la-10e-journee-de-ligue-2\" target=\"_blank\" rel=\"noopener\">D\u00e9j\u00e0 surpris \u00e0 domicile par Le Mans le week-end dernier (2-3)<\/a>, les St\u00e9phanois chutent du podium et se pr\u00e9parent \u00e0 affronter les trois premiers (dans l&rsquo;ordre Pau, le Red Star et Troyes) lors des trois prochaines journ\u00e9es.<\/p>\n<p>  L&rsquo;imbroglio\u00a0: les Lavallois n&rsquo;ont pas pu d\u00e9coller, Bastia\u00a0ne d\u00e9col\u00e8re pas<\/p>\n<p><a href=\"https:\/\/www.ledauphine.com\/sport\/2025\/10\/24\/troyes-veut-garder-le-rythme-a-reims-un-match-de-la-peur-entre-bastia-et-laval\" target=\"_blank\" rel=\"noopener\">Le match de la peur<\/a>, entre la lanterne rouge bastiaise et l&rsquo;avant-dernier Laval, n&rsquo;a pas eu lieu vendredi soir. La raison ? Les Tangos n&rsquo;ont jamais d\u00e9coll\u00e9 en direction de la Corse. Apr\u00e8s plusieurs heures d&rsquo;attente, leur avion est rest\u00e9 clou\u00e9 au sol, aucun pilote ne souhaitant prendre le risque d&rsquo;atterrir en pleine temp\u00eate Benjamin. L&rsquo;\u00cele de Beaut\u00e9 \u00e9tait encore en vigilance orange pour vents violents. \u00ab Nous avons tout fait pour d\u00e9coller de Laval\u00a0\u00bb, assure le pr\u00e9sident mayennais Laurent Lairy.\u00a0<\/p>\n<p>De son c\u00f4t\u00e9, le Sporting, qui a d\u00e9j\u00e0 vu son premier match de la saison report\u00e9, regrette d&rsquo;avoir \u00e9t\u00e9 mis au courant tardivement des difficult\u00e9s lavalloises et pointe surtout le fait que de nombreux avions ont pu se poser \u00e0 l&rsquo;a\u00e9roport de Poretta vendredi. D\u00e8s lors, Laval peut-il perdre ce match sur tapis vert\u00a0? Selon le r\u00e8glement de la Ligue de football professionnel, c&rsquo;est possible. \u00c0 moins que la situation ne soit consid\u00e9r\u00e9e comme un cas de \u00ab\u00a0force majeure\u00a0\u00bb par la commission des comp\u00e9titions, qui doit \u00ab\u00a0examiner le dossier prochainement\u00a0\u00bb.\u00a0<\/p>\n<p>Ce contenu est bloqu\u00e9 car vous n&rsquo;avez pas accept\u00e9 les cookies et autres traceurs.<\/p>\n<p>En cliquant sur \u00ab J\u2019accepte \u00bb, les cookies et autres traceurs seront d\u00e9pos\u00e9s et vous pourrez visualiser les contenus  (<a href=\"\" class=\"consentModule_policy\" target=\"_blank\" title=\"Consulter la politique de protection des donn\u00e9es du fournisseur\">plus d&rsquo;informations<\/a>).<\/p>\n<p>En cliquant sur \u00ab J\u2019accepte tous les cookies \u00bb, vous autorisez des d\u00e9p\u00f4ts de cookies et autres traceurs pour le stockage de vos donn\u00e9es sur nos sites et applications \u00e0 des fins de personnalisation et de ciblage publicitaire.<\/p>\n<p class=\"consentModule_secondaryText\">Vous gardez la possibilit\u00e9 de retirer votre consentement \u00e0 tout moment en consultant notre <a href=\"https:\/\/www.ledauphine.com\/protection-des-donnees\" target=\"_blank\" title=\"Consulter notre politique de protection des donn\u00e9es\" rel=\"noopener\">politique de protection des donn\u00e9es<\/a>. <br \/>&#13;<br \/>\n            <a href=\"https:\/\/www.ledauphine.com\/sport\/2025\/10\/26\/javascript:Didomi.notice.show()\" class=\"consentModule_cmp\" target=\"_blank\" rel=\"noopener\">G\u00e9rer mes choix<\/a>&#13;\n        <\/p>\n<p>&#13;<br \/>\n                        J&rsquo;accepte&#13;<br \/>\n            J&rsquo;accepte tous les cookies&#13;\n        <\/p>\n<p>  La statistique : Le Mans sur le toit de l\u2019Europe<\/p>\n<p>Il y a eu le \u201cFergie Time\u201d, \u00e9poque o\u00f9 le Manchester United de Sir Alex Ferguson remportait une bonne partie de ses matches gr\u00e2ce \u00e0 des buts dans les derni\u00e8res minutes. Et il y a d\u00e9sormais \u201cLe Mans Time\u201d. Pour la cinqui\u00e8me fois de la saison, les Sarthois ont fait trembler les filets dans le temps additionnel de la seconde p\u00e9riode, vendredi face \u00e0 Boulogne-sur-Mer (1-0) \u2013 cette fois-ci gr\u00e2ce \u00e0 Samuel Yohou \u00e0 la 92e \u2013 et, d\u2019apr\u00e8s le statisticien Opta, personne ne fait mieux dans les cinq grands championnats et leurs deuxi\u00e8mes divisions.<\/p>\n<p>  Le joueur\u00a0: Bardeli, c&rsquo;est joli<\/p>\n<p>Plut\u00f4t moribond en ce d\u00e9but de saison, Dunkerque, \u00e9quipe surprise du dernier exercice, s&rsquo;est bien relanc\u00e9 en s&rsquo;imposant largement sur le terrain du dauphin palois (3-0). <a href=\"https:\/\/www.ledauphine.com\/sport\/2025\/10\/17\/nsimba-revient-la-terrible-statistique-de-bastia-ce-qu-il-faut-savoir-de-la-10e-journee-de-ligue-2\" target=\"_blank\" rel=\"noopener\">Si tous les regards \u00e9taient braqu\u00e9s sur Gessime Yassine<\/a>, r\u00e9cent champion du monde U20 avec le Maroc, un joueur a crev\u00e9 l&rsquo;\u00e9cran dans cette rencontre\u00a0: Enzo Bardeli.<\/p>\n<p>Sur les tablettes st\u00e9phanoises pour le prochain mercato hivernal, le milieu offensif dunkerquois a sign\u00e9 un doubl\u00e9. Un magnifique contr\u00f4le en porte manteau puis un lob astucieux pour ouvrir le score (5e). Puis une finition en renard des surfaces pour cl\u00f4turer la marque (67e). Il rejoint le Troyen Taoufik Bentayeb, muet sur le terrain de Reims (0-0), en t\u00eate du classement des buteurs.<\/p>\n<p>Ce contenu est bloqu\u00e9 car vous n&rsquo;avez pas accept\u00e9 les cookies et autres traceurs.<\/p>\n<p>En cliquant sur \u00ab J\u2019accepte \u00bb, les cookies et autres traceurs seront d\u00e9pos\u00e9s et vous pourrez visualiser les contenus  (<a href=\"\" class=\"consentModule_policy\" target=\"_blank\" title=\"Consulter la politique de protection des donn\u00e9es du fournisseur\">plus d&rsquo;informations<\/a>).<\/p>\n<p>En cliquant sur \u00ab J\u2019accepte tous les cookies \u00bb, vous autorisez des d\u00e9p\u00f4ts de cookies et autres traceurs pour le stockage de vos donn\u00e9es sur nos sites et applications \u00e0 des fins de personnalisation et de ciblage publicitaire.<\/p>\n<p class=\"consentModule_secondaryText\">Vous gardez la possibilit\u00e9 de retirer votre consentement \u00e0 tout moment en consultant notre <a href=\"https:\/\/www.ledauphine.com\/protection-des-donnees\" target=\"_blank\" title=\"Consulter notre politique de protection des donn\u00e9es\" rel=\"noopener\">politique de protection des donn\u00e9es<\/a>. <br \/>&#13;<br \/>\n            <a href=\"https:\/\/www.ledauphine.com\/sport\/2025\/10\/26\/javascript:Didomi.notice.show()\" class=\"consentModule_cmp\" target=\"_blank\" rel=\"noopener\">G\u00e9rer mes choix<\/a>&#13;\n        <\/p>\n<p>&#13;<br \/>\n                        J&rsquo;accepte&#13;<br \/>\n            J&rsquo;accepte tous les cookies&#13;\n        <\/p>\n<p>  Le r\u00e9alisme : Clermont s\u2019en sort bien<\/p>\n<p>Priv\u00e9s de victoire depuis le 19 septembre et aux portes de la zone rouge avant la 11e journ\u00e9e, les Clermontois sont revenus de Guingamp avec trois points pr\u00e9cieux gr\u00e2ce \u00e0 leur succ\u00e8s (1-0) \u00e0 Roudourou. Pourtant domin\u00e9s dans tous les secteurs de jeu, les Auvergnats ont fait la diff\u00e9rence sur leur seul tir cadr\u00e9 de la rencontre, le jeune Ilhan Fakili bonifiant une superbe passe de Johan Gastien en d\u00e9but de deuxi\u00e8me p\u00e9riode (48e). \u00ab Ce sont des matches qui soudent un groupe \u00bb, a estim\u00e9 apr\u00e8s coup Gr\u00e9gory Proment, l\u2019entra\u00eeneur puydomois.<\/p>\n<p>  La phrase : \u00ab Il y a encore beaucoup de travail \u00bb (Zoumana Camara)<\/p>\n<p>Pour la premi\u00e8re fois de la saison, Montpellier a encha\u00een\u00e9 deux victoires cons\u00e9cutives en s\u2019imposant largement (4-1) face \u00e0 Nancy samedi. D\u00e9sormais cinqui\u00e8mes de Ligue 2, les H\u00e9raultais semblent monter en puissance. Mais sur le banc, Zoumana Camara n\u2019est pas totalement satisfait de la prestation de ses joueurs. \u00ab Quand on voit le d\u00e9but du match (Montpellier \u00e9tait men\u00e9 jusqu\u2019\u00e0 la 44e minute apr\u00e8s avoir pourtant pass\u00e9 la majorit\u00e9 de la premi\u00e8re p\u00e9riode en sup\u00e9riorit\u00e9 num\u00e9rique, ndlr), il y a encore beaucoup de travail \u00bb, a ainsi estim\u00e9 le technicien du MHSC.<\/p>\n<p class=\"insetTitle\">Les r\u00e9sultats de la 11e journ\u00e9e<\/p>\n<p><strong>Vendredi<\/strong><br \/><strong>Red Star 1<\/strong>-0 Grenoble<br \/>Pau 0-<strong>3 Dunkerque<\/strong><br \/><strong>Le Mans 1<\/strong>-0 Boulogne<br \/>Reims 0-0 Troyes<br \/>Guingamp 0-<strong>1 Clermont<\/strong><\/p>\n<p><strong>Samedi<\/strong><br \/><strong>Montpellier 4<\/strong>-1 Nancy<br \/><strong>Amiens 2<\/strong>-1 Rodez<br \/><strong>Annecy 4<\/strong>-0 Saint-\u00c9tienne<\/p>\n<p>Report\u00e9<br \/>Bastia &#8211; Laval<\/p>\n<p><a href=\"https:\/\/www.ledauphine.com\/sport\/classement\/football\/national-ligue-2\" target=\"_blank\" rel=\"noopener\">&gt;&gt; Le classement de Ligue 2<\/a><\/p>\n<p class=\"note\">La 12e journ\u00e9e aura lieu d\u00e8s ce mardi, avec un multiplex des neuf matches \u00e0 suivre \u00e0 partir de 20h30.<\/p>\n","protected":false},"excerpt":{"rendered":"La fess\u00e9e\u00a0: Annecy punit les Verts Pour le retour de son stade, Annecy ne pouvait r\u00eaver mieux. Les&hellip;\n","protected":false},"author":2,"featured_media":491727,"comment_status":"","ping_status":"","sticky":false,"template":"","format":"standard","meta":{"footnotes":""},"categories":[9653],"tags":[1111,11,3853,3854,9443,2430,3856,112,1777,674,20116,107,1701,63,1011,27,12637,2731,2732,4638,108,12636,3367,12,25,4001,517,1947],"class_list":{"0":"post-491726","1":"post","2":"type-post","3":"status-publish","4":"format-standard","5":"has-post-thumbnail","7":"category-saint-etienne","8":"tag-actu","9":"tag-actualites","10":"tag-annecy","11":"tag-annecy-bassin","12":"tag-asse-as-saint-etienne","13":"tag-auvergne-rhone-alpes","14":"tag-edition-annecy-rumilly-les-aravis","15":"tag-edition-grenoble-agglomeration","16":"tag-eu","17":"tag-europe","18":"tag-fc-annecy","19":"tag-fil-info","20":"tag-fil-info-sport","21":"tag-football","22":"tag-fr","23":"tag-france","24":"tag-gf38-grenoble-foot-38","25":"tag-grenoble","26":"tag-grenoble-bassin","27":"tag-haute-savoie","28":"tag-isere","29":"tag-ligue-2-football","30":"tag-loire","31":"tag-news","32":"tag-republique-francaise","33":"tag-saint-etienne","34":"tag-sport","35":"tag-sport-national"},"share_on_mastodon":{"url":"https:\/\/pubeurope.com\/@fr\/115442103398311358","error":""},"_links":{"self":[{"href":"https:\/\/www.europesays.com\/fr\/wp-json\/wp\/v2\/posts\/491726","targetHints":{"allow":["GET"]}}],"collection":[{"href":"https:\/\/www.europesays.com\/fr\/wp-json\/wp\/v2\/posts"}],"about":[{"href":"https:\/\/www.europesays.com\/fr\/wp-json\/wp\/v2\/types\/post"}],"author":[{"embeddable":true,"href":"https:\/\/www.europesays.com\/fr\/wp-json\/wp\/v2\/users\/2"}],"replies":[{"embeddable":true,"href":"https:\/\/www.europesays.com\/fr\/wp-json\/wp\/v2\/comments?post=491726"}],"version-history":[{"count":0,"href":"https:\/\/www.europesays.com\/fr\/wp-json\/wp\/v2\/posts\/491726\/revisions"}],"wp:featuredmedia":[{"embeddable":true,"href":"https:\/\/www.europesays.com\/fr\/wp-json\/wp\/v2\/media\/491727"}],"wp:attachment":[{"href":"https:\/\/www.europesays.com\/fr\/wp-json\/wp\/v2\/media?parent=491726"}],"wp:term":[{"taxonomy":"category","embeddable":true,"href":"https:\/\/www.europesays.com\/fr\/wp-json\/wp\/v2\/categories?post=491726"},{"taxonomy":"post_tag","embeddable":true,"href":"https:\/\/www.europesays.com\/fr\/wp-json\/wp\/v2\/tags?post=491726"}],"curies":[{"name":"wp","href":"https:\/\/api.w.org\/{rel}","templated":true}]}}