{"id":491728,"date":"2025-10-26T19:24:22","date_gmt":"2025-10-26T19:24:22","guid":{"rendered":"https:\/\/www.europesays.com\/fr\/491728\/"},"modified":"2025-10-26T19:24:22","modified_gmt":"2025-10-26T19:24:22","slug":"intube-un-detenu-se-reveille-et-agresse-soignants-et-policiers","status":"publish","type":"post","link":"https:\/\/www.europesays.com\/fr\/491728\/","title":{"rendered":"intub\u00e9, un d\u00e9tenu se r\u00e9veille et agresse soignants et policiers"},"content":{"rendered":"<p>Sc\u00e8ne de panique dans la nuit de vendredi \u00e0 samedi 25\u00a0octobre, au CHRU de Nancy-Brabois. Hospitalis\u00e9 \u00e0 l\u2019Institut lorrain du c\u0153ur et des vaisseaux, dans le b\u00e2timent Louis-Mathieu, un d\u00e9tenu y avait \u00e9t\u00e9 transf\u00e9r\u00e9 par les agents de l\u2019administration p\u00e9nitentiaire pour y recevoir des soins importants. Intub\u00e9 et encore s\u00e9dat\u00e9 au sein du service r\u00e9animation, le prisonnier est brutalement sorti de son sommeil vers 5\u00a0h du matin.<\/p>\n<p>Non entrav\u00e9 pour faciliter sa prise en charge m\u00e9dicale, l\u2019individu a saut\u00e9 de son lit, s\u2019est ru\u00e9 hors de sa chambre malgr\u00e9 le mat\u00e9riel de r\u00e9animation dont il \u00e9tait encore \u00e9quip\u00e9 et s\u2019est pr\u00e9cipit\u00e9 dans les couloirs. Les cris du personnel soignant bouscul\u00e9 par le patient en fuite faisaient imm\u00e9diatement r\u00e9agir les deux policiers (dont un r\u00e9serviste) mandat\u00e9s pour sa surveillance.<\/p>\n<p>  Appel de renforts<\/p>\n<p>Dans un \u00e9tat de d\u00e9mence et d\u2019intense excitation, le d\u00e9tenu se rebellait \u00e0 coups de pied et de poing, renversait du mobilier sur son passage, arrachait le faux plafond\u2026 L\u2019un des policiers sera bless\u00e9 en tentant de le ma\u00eetriser. Il faudra l\u2019arriv\u00e9e de renforts appel\u00e9s en urgence pour neutraliser cet homme \u00e2g\u00e9 de 38 ans et qui mena\u00e7ait de tuer tout le monde.<\/p>\n<p>Fort heureusement, au cours de sa folle \u00e9chapp\u00e9e m\u00e9dicale, le trentenaire ne s\u2019est pas saisi d\u2019objets pouvant \u00eatre utilis\u00e9s comme une arme. D\u00e8s que son \u00e9tat de sant\u00e9 et les conditions le permettront (N.D.L.R. : <a href=\"https:\/\/www.estrepublicain.fr\/faits-divers-justice\/2025\/10\/26\/l-hotel-de-police-et-les-gardes-a-vue-ont-ete-evacues-apres-un-depart-de-feu\" target=\"_blank\" rel=\"noopener\">l\u2019h\u00f4tel de police<\/a> fonctionnait dimanche en mode d\u00e9grad\u00e9 apr\u00e8s un d\u00e9part de feu), le d\u00e9tenu devrait \u00eatre plac\u00e9 en garde \u00e0 vue.<\/p>\n","protected":false},"excerpt":{"rendered":"Sc\u00e8ne de panique dans la nuit de vendredi \u00e0 samedi 25\u00a0octobre, au CHRU de Nancy-Brabois. Hospitalis\u00e9 \u00e0 l\u2019Institut&hellip;\n","protected":false},"author":2,"featured_media":491729,"comment_status":"","ping_status":"","sticky":false,"template":"","format":"standard","meta":{"footnotes":""},"categories":[9635],"tags":[1111,11,271,272,1704,1777,674,274,1011,27,775,6364,3457,1702,12,25,71,5711],"class_list":{"0":"post-491728","1":"post","2":"type-post","3":"status-publish","4":"format-standard","5":"has-post-thumbnail","7":"category-nancy","8":"tag-actu","9":"tag-actualites","10":"tag-crime","11":"tag-delit-et-contravention","12":"tag-edition-nancy-et-agglomeration","13":"tag-eu","14":"tag-europe","15":"tag-faits-divers-justice","16":"tag-fr","17":"tag-france","18":"tag-grand-est","19":"tag-metropole-du-grand-nancy-54b1","20":"tag-meurthe-et-moselle","21":"tag-nancy","22":"tag-news","23":"tag-republique-francaise","24":"tag-sante","25":"tag-vandoeuvre-les-nancy"},"share_on_mastodon":{"url":"https:\/\/pubeurope.com\/@fr\/115442107252295491","error":""},"_links":{"self":[{"href":"https:\/\/www.europesays.com\/fr\/wp-json\/wp\/v2\/posts\/491728","targetHints":{"allow":["GET"]}}],"collection":[{"href":"https:\/\/www.europesays.com\/fr\/wp-json\/wp\/v2\/posts"}],"about":[{"href":"https:\/\/www.europesays.com\/fr\/wp-json\/wp\/v2\/types\/post"}],"author":[{"embeddable":true,"href":"https:\/\/www.europesays.com\/fr\/wp-json\/wp\/v2\/users\/2"}],"replies":[{"embeddable":true,"href":"https:\/\/www.europesays.com\/fr\/wp-json\/wp\/v2\/comments?post=491728"}],"version-history":[{"count":0,"href":"https:\/\/www.europesays.com\/fr\/wp-json\/wp\/v2\/posts\/491728\/revisions"}],"wp:featuredmedia":[{"embeddable":true,"href":"https:\/\/www.europesays.com\/fr\/wp-json\/wp\/v2\/media\/491729"}],"wp:attachment":[{"href":"https:\/\/www.europesays.com\/fr\/wp-json\/wp\/v2\/media?parent=491728"}],"wp:term":[{"taxonomy":"category","embeddable":true,"href":"https:\/\/www.europesays.com\/fr\/wp-json\/wp\/v2\/categories?post=491728"},{"taxonomy":"post_tag","embeddable":true,"href":"https:\/\/www.europesays.com\/fr\/wp-json\/wp\/v2\/tags?post=491728"}],"curies":[{"name":"wp","href":"https:\/\/api.w.org\/{rel}","templated":true}]}}