{"id":491730,"date":"2025-10-26T19:26:18","date_gmt":"2025-10-26T19:26:18","guid":{"rendered":"https:\/\/www.europesays.com\/fr\/491730\/"},"modified":"2025-10-26T19:26:18","modified_gmt":"2025-10-26T19:26:18","slug":"replay-mhsc-nancy-montpellier-enchaine-une-deuxieme-victoire-et-remonte-a-la-5e-place-de-ligue-2","status":"publish","type":"post","link":"https:\/\/www.europesays.com\/fr\/491730\/","title":{"rendered":"REPLAY MHSC-Nancy\u00a0: Montpellier encha\u00eene une deuxi\u00e8me victoire et remonte \u00e0 la 5e place de Ligue 2"},"content":{"rendered":"<p>\n                                                                    Publi\u00e9 le 25\/10\/2025 \u00e0 13:12<br \/>\n                                                                            , mis \u00e0 jour<\/p>\n<p>                                                                                                    \u00e0 16:00<\/p>\n<p>\n            Midi Libre\n    <\/p>\n<p class=\"article-full__chapo \">\n                                                                En match d\u00e9cal\u00e9 de la 11e journ\u00e9e de Ligue 2, Montpellier s\u2019est impos\u00e9 contre Nancy au stade de la Mosson, ce samedi 25\u00a0octobre (4-1).<br \/>Montpellier a toujours du mal \u00e0 entrer dans ses rencontres. \u00c0 nouveau cueilli \u00e0 froid par l\u2019ouverture du score des visiteurs, le MHSC a accueilli le carton rouge du d\u00e9fenseur Mendy avec soulagement. En sup\u00e9riorit\u00e9 num\u00e9rique, Montpellier a fini par revenir au meilleur des moments, juste avant la pause, par son capitaine Omeragic.<br \/>En seconde p\u00e9riode, l\u2019attaque-d\u00e9fense a fini par sourire aux Montpelli\u00e9rains qui ont su faire la diff\u00e9rence avec notamment leur c\u00f4t\u00e9 gauche.<br \/>Prochain rendez-vous pour confirmer l\u2019embellie avec un d\u00e9placement \u00e0 Clermont, d\u00e8s mardi.\n                            <\/p>\n<p>Deux victoires cons\u00e9cutives, une premi\u00e8re<\/p>\n<p><strong>Un match \u00e0 revivre ici\u00a0:<\/strong><\/p>\n","protected":false},"excerpt":{"rendered":"Publi\u00e9 le 25\/10\/2025 \u00e0 13:12 , mis \u00e0 jour \u00e0 16:00 Midi Libre En match d\u00e9cal\u00e9 de la&hellip;\n","protected":false},"author":2,"featured_media":491731,"comment_status":"","ping_status":"","sticky":false,"template":"","format":"standard","meta":{"footnotes":""},"categories":[9635],"tags":[1111,11,1777,674,1011,27,775,1702,12,25],"class_list":{"0":"post-491730","1":"post","2":"type-post","3":"status-publish","4":"format-standard","5":"has-post-thumbnail","7":"category-nancy","8":"tag-actu","9":"tag-actualites","10":"tag-eu","11":"tag-europe","12":"tag-fr","13":"tag-france","14":"tag-grand-est","15":"tag-nancy","16":"tag-news","17":"tag-republique-francaise"},"share_on_mastodon":{"url":"https:\/\/pubeurope.com\/@fr\/115442115150002581","error":""},"_links":{"self":[{"href":"https:\/\/www.europesays.com\/fr\/wp-json\/wp\/v2\/posts\/491730","targetHints":{"allow":["GET"]}}],"collection":[{"href":"https:\/\/www.europesays.com\/fr\/wp-json\/wp\/v2\/posts"}],"about":[{"href":"https:\/\/www.europesays.com\/fr\/wp-json\/wp\/v2\/types\/post"}],"author":[{"embeddable":true,"href":"https:\/\/www.europesays.com\/fr\/wp-json\/wp\/v2\/users\/2"}],"replies":[{"embeddable":true,"href":"https:\/\/www.europesays.com\/fr\/wp-json\/wp\/v2\/comments?post=491730"}],"version-history":[{"count":0,"href":"https:\/\/www.europesays.com\/fr\/wp-json\/wp\/v2\/posts\/491730\/revisions"}],"wp:featuredmedia":[{"embeddable":true,"href":"https:\/\/www.europesays.com\/fr\/wp-json\/wp\/v2\/media\/491731"}],"wp:attachment":[{"href":"https:\/\/www.europesays.com\/fr\/wp-json\/wp\/v2\/media?parent=491730"}],"wp:term":[{"taxonomy":"category","embeddable":true,"href":"https:\/\/www.europesays.com\/fr\/wp-json\/wp\/v2\/categories?post=491730"},{"taxonomy":"post_tag","embeddable":true,"href":"https:\/\/www.europesays.com\/fr\/wp-json\/wp\/v2\/tags?post=491730"}],"curies":[{"name":"wp","href":"https:\/\/api.w.org\/{rel}","templated":true}]}}