{"id":491738,"date":"2025-10-26T19:30:13","date_gmt":"2025-10-26T19:30:13","guid":{"rendered":"https:\/\/www.europesays.com\/fr\/491738\/"},"modified":"2025-10-26T19:30:13","modified_gmt":"2025-10-26T19:30:13","slug":"paris-et-montpellier-confirment-leur-superiorite-en-championnat","status":"publish","type":"post","link":"https:\/\/www.europesays.com\/fr\/491738\/","title":{"rendered":"Paris et Montpellier confirment leur sup\u00e9riorit\u00e9 en championnat"},"content":{"rendered":"<p>\n    Les deux \u00e9quipes se sont impos\u00e9es dimanche. Ils gardent les deux premi\u00e8res places.<\/p>\n<p class=\"fig-paragraph\">Le\u00a0<a href=\"http:\/\/www.lefigaro.fr\/sports\/handball\/hand-le-psg-battu-par-les-danois-de-gudme-en-ligue-des-champions-20251023\" data-fig-type=\"NewsFlash\" data-gtm-custom-categorie=\"navigation\" data-gtm-custom-action=\"crossclick\" data-gtm-custom-label=\"Contextuel\" data-gtm-event=\"customEventSPE\" data-fig-domain=\"LEFIGARO\" rel=\"nofollow noopener\" target=\"_blank\">Paris Saint-Germain Handball<\/a>\u00a0et son dauphin\u00a0<a href=\"http:\/\/www.lefigaro.fr\/sports\/handball\/hand-dans-les-derniers-instants-montpellier-arrache-le-match-nul-contre-nantes-20251018\" data-fig-type=\"NewsFlash\" data-gtm-custom-categorie=\"navigation\" data-gtm-custom-action=\"crossclick\" data-gtm-custom-label=\"Contextuel\" data-gtm-event=\"customEventSPE\" data-fig-domain=\"LEFIGARO\" rel=\"nofollow noopener\" target=\"_blank\">Montpellier<\/a>\u00a0se sont tous deux impos\u00e9s dimanche pour le compte de la 8e journ\u00e9e du championnat de France et restent en haut de tableau.<\/p>\n<p class=\"fig-paragraph\">Les Montpelli\u00e9rains ont d\u00e9croch\u00e9 une tr\u00e8s courte victoire sur le terrain d&rsquo;Aix en Provence (30-29) mais ont notamment pu compter sur les 11 arr\u00eats de Charles Bolzinger et un but en toute fin de match de Benjamin Richert (7\/8) pour glaner leur septi\u00e8me succ\u00e8s de la saison.<\/p>\n<p>                                    <a class=\"fig-a11y-skip a11y-hidden\" href=\"#fig-a11y-skip-main-inarticle\"><br \/>\n        Passer la publicit\u00e9<br \/>\n    <\/a><\/p>\n<p class=\"fig-paragraph\">Paris reste de son c\u00f4t\u00e9 leader et invaincu, vainqueur solide de Cesson-Rennes (38-33) avec 10 buts (10\/14) d&rsquo;Elohim Prandi. Nantes, tombeur de Tremblay la veille, est troisi\u00e8me.<\/p>\n","protected":false},"excerpt":{"rendered":"Les deux \u00e9quipes se sont impos\u00e9es dimanche. Ils gardent les deux premi\u00e8res places. Le\u00a0Paris Saint-Germain Handball\u00a0et son dauphin\u00a0Montpellier\u00a0se&hellip;\n","protected":false},"author":2,"featured_media":491739,"comment_status":"","ping_status":"","sticky":false,"template":"","format":"standard","meta":{"footnotes":""},"categories":[9599],"tags":[1111,11,2207,69,525,2211,2212,2210,1981,2206,64,1777,674,1011,27,1792,2209,447,2208,12,2680,25,1980],"class_list":{"0":"post-491738","1":"post","2":"type-post","3":"status-publish","4":"format-standard","5":"has-post-thumbnail","7":"category-montpellier","8":"tag-actu","9":"tag-actualites","10":"tag-bleus","11":"tag-bundesliga","12":"tag-calendrier","13":"tag-championnat-deurope","14":"tag-championnat-du-monde","15":"tag-ciudad-real","16":"tag-classement","17":"tag-division-1","18":"tag-equipe-de-france","19":"tag-eu","20":"tag-europe","21":"tag-fr","22":"tag-france","23":"tag-handball","24":"tag-kiel","25":"tag-ligue-des-champions","26":"tag-montpellier","27":"tag-news","28":"tag-occitanie","29":"tag-republique-francaise","30":"tag-resultats"},"share_on_mastodon":{"url":"https:\/\/pubeurope.com\/@fr\/115442131032018234","error":""},"_links":{"self":[{"href":"https:\/\/www.europesays.com\/fr\/wp-json\/wp\/v2\/posts\/491738","targetHints":{"allow":["GET"]}}],"collection":[{"href":"https:\/\/www.europesays.com\/fr\/wp-json\/wp\/v2\/posts"}],"about":[{"href":"https:\/\/www.europesays.com\/fr\/wp-json\/wp\/v2\/types\/post"}],"author":[{"embeddable":true,"href":"https:\/\/www.europesays.com\/fr\/wp-json\/wp\/v2\/users\/2"}],"replies":[{"embeddable":true,"href":"https:\/\/www.europesays.com\/fr\/wp-json\/wp\/v2\/comments?post=491738"}],"version-history":[{"count":0,"href":"https:\/\/www.europesays.com\/fr\/wp-json\/wp\/v2\/posts\/491738\/revisions"}],"wp:featuredmedia":[{"embeddable":true,"href":"https:\/\/www.europesays.com\/fr\/wp-json\/wp\/v2\/media\/491739"}],"wp:attachment":[{"href":"https:\/\/www.europesays.com\/fr\/wp-json\/wp\/v2\/media?parent=491738"}],"wp:term":[{"taxonomy":"category","embeddable":true,"href":"https:\/\/www.europesays.com\/fr\/wp-json\/wp\/v2\/categories?post=491738"},{"taxonomy":"post_tag","embeddable":true,"href":"https:\/\/www.europesays.com\/fr\/wp-json\/wp\/v2\/tags?post=491738"}],"curies":[{"name":"wp","href":"https:\/\/api.w.org\/{rel}","templated":true}]}}