{"id":491740,"date":"2025-10-26T19:31:10","date_gmt":"2025-10-26T19:31:10","guid":{"rendered":"https:\/\/www.europesays.com\/fr\/491740\/"},"modified":"2025-10-26T19:31:10","modified_gmt":"2025-10-26T19:31:10","slug":"y-aura-t-il-encore-de-la-pluie-cette-semaine-en-seine-maritime-le-point-sur-les-previsions-meteo","status":"publish","type":"post","link":"https:\/\/www.europesays.com\/fr\/491740\/","title":{"rendered":"Y aura-t-il encore de la pluie cette semaine en Seine-Maritime ? Le point sur les pr\u00e9visions m\u00e9t\u00e9o"},"content":{"rendered":"<p>            Par<br \/>\n        <strong><br \/>\n            <a href=\"https:\/\/actu.fr\/auteur\/yann-rivallan\" title=\"Consulter tous les articles de Yann Rivallan\" target=\"_blank\" rel=\"noopener\">Yann Rivallan<\/a><br \/>\n        <\/strong><\/p>\n<p>        Publi\u00e9 le<\/p>\n<p>            26 oct. 2025 \u00e0 17h06        <\/p>\n<p>Apr\u00e8s une semaine marqu\u00e9e par <a href=\"https:\/\/actu.fr\/faits-divers\/tempete-benjamin-en-seine-maritime-chutes-d-arbres-inondations-le-bilan-apres-une-matinee-mouvementee_63342385.html\" target=\"_blank\" rel=\"noopener\">la temp\u00eate Benjamin<\/a> et de <strong>grosses averses<\/strong>, qu\u2019en sera-t-il du 27\u00a0octobre au 2\u00a0novembre 2025 en <a href=\"https:\/\/actu.fr\/normandie\/seine-maritime_76\" target=\"_blank\" rel=\"noopener\">Seine-Maritime<\/a>\u2009? La pluie sera-t-elle encore au rendez-vous\u2009? On fait le point sur <strong>les pr\u00e9visions de M\u00e9t\u00e9o France<\/strong>.<\/p>\n<p>Un peu de pluie en d\u00e9but de semaine<\/p>\n<p class=\" wall-content\">La semaine devrait d\u00e9buter sous un ciel couvert. Selon M\u00e9t\u00e9o France, quelques <strong>pluies faibles<\/strong> sont \u00e9galement attendues lundi matin. Mais des \u00e9claircies devraient appara\u00eetre dans le courant de l\u2019apr\u00e8s-midi.<\/p>\n<p class=\" wall-content\">Mardi, ce sont \u00e0 nouveau des pluies faibles toute la journ\u00e9e qu\u2019anticipe le service de la m\u00e9t\u00e9orologie. La pluie devrait se calmer \u00e0 nouveau dans l\u2019apr\u00e8s-midi mais le ciel va rester voil\u00e9.<\/p>\n<p>Des averses \u00e0 partir de jeudi soir<\/p>\n<p class=\" wall-content\">Mercredi et jeudi, un ciel <strong>tr\u00e8s nuageux<\/strong> est annonc\u00e9, sans toutefois craindre de la pluie. Il faudra attendre la fin de journ\u00e9e de jeudi pour recevoir de nouveau des gouttes.<\/p>\n<p class=\" wall-content\">Ensuite, M\u00e9t\u00e9o France annonce <strong>des averses<\/strong> jusqu\u2019\u00e0 la fin de la semaine. Seule la journ\u00e9e de dimanche devrait \u00eatre \u00e9pargn\u00e9e.<\/p>\n<p>Vid\u00e9os : en ce moment sur Actu<\/p>\n<p class=\" wall-content\">C\u00f4t\u00e9 temp\u00e9ratures, il n\u2019y aura pas trop de variations, avec une minimale de 11 ou 12\u00a0\u00b0C le matin et une maximale de 14 ou 15\u00a0\u00b0C l\u2019apr\u00e8s-midi.<\/p>\n<p>Suivez l\u2019actualit\u00e9 de Rouen sur <a href=\"https:\/\/www.whatsapp.com\/channel\/0029VaKfnf99hXF2ddApFB1D\" target=\"_blank\" rel=\"noopener\">notre cha\u00eene WhatsApp<\/a> et sur <a href=\"https:\/\/www.tiktok.com\/@76actu.fr?lang=fr\" target=\"_blank\" rel=\"noopener\">notre compte TikTok<\/a><\/p>\n<p>Votre r\u00e9gion, votre actu !<\/p>\n<p>Recevez chaque jour les infos qui comptent pour vous.<\/p>\n<p>\t<a href=\"https:\/\/actu.fr\/newsletter\" class=\"ac-btn ac-btn--corner ac-btn--medium ac-btn--blue800\" target=\"_blank\" rel=\"noopener\">S&rsquo;incrire<\/a><br \/>\nSuivez l\u2019actualit\u00e9 du\u00a0Havre sur <a href=\"https:\/\/www.whatsapp.com\/channel\/0029VaFqJYE8aKvLBwVrEe0o\" target=\"_blank\" rel=\"noopener\">notre cha\u00eene WhatsApp<\/a> et sur <a href=\"https:\/\/www.tiktok.com\/@76actu.fr?lang=fr\" target=\"_blank\" rel=\"noopener\">notre compte TikTok<\/a><\/p>\n<p class=\" wall-content\">Personnalisez votre actualit\u00e9 en ajoutant vos villes et m\u00e9dias en favori avec <a href=\"https:\/\/moncompte.actu.fr\" title=\"D\u00e9couvez Mon Actu\" rel=\"nofollow noopener\" data-trk=\"{&quot;cta&quot;:{&quot;action&quot;:&quot;https:\\\/\\\/moncompte.actu.fr&quot;,&quot;category&quot;:&quot;mon compte&quot;,&quot;from&quot;:&quot;article footer&quot;,&quot;name&quot;:&quot;Mon actu&quot;,&quot;type&quot;:&quot;cta&quot;}}\" target=\"_blank\">Mon Actu<\/a>.<\/p>\n<p>                    <script async src=\"\/\/www.tiktok.com\/embed.js\"><\/script><\/p>\n","protected":false},"excerpt":{"rendered":"Par Yann Rivallan Publi\u00e9 le 26 oct. 2025 \u00e0 17h06 Apr\u00e8s une semaine marqu\u00e9e par la temp\u00eate Benjamin&hellip;\n","protected":false},"author":2,"featured_media":491741,"comment_status":"","ping_status":"","sticky":false,"template":"","format":"standard","meta":{"footnotes":""},"categories":[9587],"tags":[1111,11,1777,674,1011,27,3059,2487,2357,12,5161,4459,25,9590],"class_list":{"0":"post-491740","1":"post","2":"type-post","3":"status-publish","4":"format-standard","5":"has-post-thumbnail","7":"category-rouen","8":"tag-actu","9":"tag-actualites","10":"tag-eu","11":"tag-europe","12":"tag-fr","13":"tag-france","14":"tag-intemperies","15":"tag-meteo","16":"tag-meteo-france","17":"tag-news","18":"tag-normandie","19":"tag-pluie","20":"tag-republique-francaise","21":"tag-rouen"},"share_on_mastodon":{"url":"https:\/\/pubeurope.com\/@fr\/115442134783567366","error":""},"_links":{"self":[{"href":"https:\/\/www.europesays.com\/fr\/wp-json\/wp\/v2\/posts\/491740","targetHints":{"allow":["GET"]}}],"collection":[{"href":"https:\/\/www.europesays.com\/fr\/wp-json\/wp\/v2\/posts"}],"about":[{"href":"https:\/\/www.europesays.com\/fr\/wp-json\/wp\/v2\/types\/post"}],"author":[{"embeddable":true,"href":"https:\/\/www.europesays.com\/fr\/wp-json\/wp\/v2\/users\/2"}],"replies":[{"embeddable":true,"href":"https:\/\/www.europesays.com\/fr\/wp-json\/wp\/v2\/comments?post=491740"}],"version-history":[{"count":0,"href":"https:\/\/www.europesays.com\/fr\/wp-json\/wp\/v2\/posts\/491740\/revisions"}],"wp:featuredmedia":[{"embeddable":true,"href":"https:\/\/www.europesays.com\/fr\/wp-json\/wp\/v2\/media\/491741"}],"wp:attachment":[{"href":"https:\/\/www.europesays.com\/fr\/wp-json\/wp\/v2\/media?parent=491740"}],"wp:term":[{"taxonomy":"category","embeddable":true,"href":"https:\/\/www.europesays.com\/fr\/wp-json\/wp\/v2\/categories?post=491740"},{"taxonomy":"post_tag","embeddable":true,"href":"https:\/\/www.europesays.com\/fr\/wp-json\/wp\/v2\/tags?post=491740"}],"curies":[{"name":"wp","href":"https:\/\/api.w.org\/{rel}","templated":true}]}}