{"id":491746,"date":"2025-10-26T19:36:25","date_gmt":"2025-10-26T19:36:25","guid":{"rendered":"https:\/\/www.europesays.com\/fr\/491746\/"},"modified":"2025-10-26T19:36:25","modified_gmt":"2025-10-26T19:36:25","slug":"ils-ont-vole-deux-ou-trois-velos-dans-les-parcs-a-rennes-les-voleurs-de-deux-roues-sattaquent-aussi-aux-residences","status":"publish","type":"post","link":"https:\/\/www.europesays.com\/fr\/491746\/","title":{"rendered":"\u00ab\u00a0Ils ont vol\u00e9 deux ou trois v\u00e9los dans les parcs\u00a0\u00bb\u00a0: \u00e0 Rennes, les voleurs de deux-roues s\u2019attaquent aussi aux r\u00e9sidences"},"content":{"rendered":"<p>\u00ab Bonjour, cette nuit, <a href=\"https:\/\/www.letelegramme.fr\/ille-et-vilaine\/rennes-35000\/on-ma-vole-deux-fois-mon-velo-electrique-a-rennes-le-coup-de-gueule-de-cette-cycliste-6665008.php\" target=\"_blank\" rel=\"nofollow noopener\">un vol de v\u00e9los<\/a> a eu lieu dans le local \u00bb, d\u00e9crit une petite feuille accroch\u00e9e sur la porte d\u2019un immeuble au sud de Rennes. Dans la nuit du 13 au 14 octobre, deux v\u00e9los ont \u00e9t\u00e9 d\u00e9rob\u00e9s alors qu\u2019ils \u00e9taient solidement accroch\u00e9s avec des antivols \u00e0 des r\u00e2teliers. Depuis deux ans, dans deux nouvelles r\u00e9sidences de cette zone, le vol est devenu courant. \u00ab Nous constatons malheureusement de nombreux vols de v\u00e9los sur la copropri\u00e9t\u00e9, malgr\u00e9 les interventions r\u00e9p\u00e9t\u00e9es pour r\u00e9parer les portes \u00bb, confirme l\u2019agence Citya, en charge de la copropri\u00e9t\u00e9 des b\u00e2timents.<\/p>\n<p>\u00ab Deux ou trois v\u00e9los \u00bb<\/p>\n<p>Et la rengaine demeure la m\u00eame dans les autres quartiers de la ville. \u00c0 deux pas du centre, dans le quartier nord, de nombreux vols de v\u00e9los ont \u00e9t\u00e9 constat\u00e9s dans la semaine du 6 au 12 octobre. \u00ab Les voleurs sont venus \u00e0 au moins trois reprises, explique le concierge d\u2019une r\u00e9sidence.<br \/> Ils ont vol\u00e9 deux ou trois v\u00e9los dans les parcs de la r\u00e9sidence. \u00bb<\/p>\n<p>\u00ab Une fois, il \u00e9tait aux alentours de 8 h quand un habitant qui descendait s\u2019est retrouv\u00e9 nez \u00e0 nez avec un homme d\u2019une quarantaine d\u2019ann\u00e9es, capuche sur la t\u00eate, se souvient le concierge. Il \u00e9tait en train de partir avec son v\u00e9lo. Il lui a dit \u00ab mais c\u2019est mon v\u00e9lo, \u00e7a \u00bb. Le voleur l\u2019a l\u00e2ch\u00e9 et a pris ses jambes \u00e0 son cou. Son complice a enfourch\u00e9 un autre v\u00e9lo qu\u2019il venait de d\u00e9rober et il a fil\u00e9. La police a \u00e9t\u00e9 appel\u00e9e. La BAC a pens\u00e9 interpeller un des auteurs, mais ce n\u2019\u00e9tait finalement pas lui. \u00bb<\/p>\n<p>Une augmentation des vols<\/p>\n<p>De son c\u00f4t\u00e9, la police confirme \u00ab <a href=\"https:\/\/www.letelegramme.fr\/ille-et-vilaine\/rennes-35000\/a-rennes-y-a-t-il-une-flambee-des-vols-de-velos-6665706.php\" target=\"_blank\" rel=\"nofollow noopener\">une augmentation sensible des vols de v\u00e9los depuis la rentr\u00e9e \u00bb \u00e0 Rennes<\/a>, mais sans marqueurs particuliers pour expliquer les larcins \u00ab dans les immeubles \u00bb. Depuis le d\u00e9but de l\u2019ann\u00e9e, sur les neuf premiers mois, les vols ont \u00e9t\u00e9 plus nombreux que sur la m\u00eame p\u00e9riode en 2024 : 1 182 v\u00e9los ont \u00e9t\u00e9 d\u00e9rob\u00e9s, contre 866 l\u2019ann\u00e9e pr\u00e9c\u00e9dente.<\/p>\n<p>Toutefois, le chiffre reste plus \u00e9lev\u00e9 en 2023 avec 1 222 v\u00e9los vol\u00e9s. \u00ab Sur la p\u00e9riode du 1er septembre au 16 octobre 2025, 19 gardes \u00e0 vue ont \u00e9t\u00e9 effectu\u00e9es dans le cadre de vol ou recel de v\u00e9los \u00e0 Rennes \u00bb, poursuit la police.<\/p>\n<p>Des propri\u00e9taires exasp\u00e9r\u00e9s<\/p>\n<p>Si les voleurs se font parfois attraper, les v\u00e9los deviennent introuvables. Et ces effractions exasp\u00e8rent les propri\u00e9taires. M\u00e8re de famille d\u2019une quarantaine d\u2019ann\u00e9es, Louise est l\u2019une des habitantes victimes d\u2019un vol. \u00ab Mon v\u00e9lo n\u2019\u00e9tait pas un super v\u00e9lo, mais il roulait tr\u00e8s bien. Chaque jour, je m\u2019en servais pour aller au travail et accompagner mes filles \u00e0 l\u2019\u00e9cole. Je l\u2019avais achet\u00e9 200 euros. Il \u00e9tait attach\u00e9 dans le parc avec un cadenas s\u00e9curis\u00e9 qui valait 80 euros. \u00bb<\/p>\n<p>S\u2019ensuit l\u2019incompr\u00e9hension pour la cycliste : \u00ab J\u2019ai voulu d\u00e9poser plainte, mais la police m\u2019a dit : \u00ab Le local \u00e0 v\u00e9los n\u2019a pas \u00e9t\u00e9 forc\u00e9\u2026 On ne pourra rien faire \u00bb. L\u2019assurance, elle m\u2019a r\u00e9pondu que je n\u2019avais pas d\u2019extension bicyclette. Donc voil\u00e0, tu attaches ton v\u00e9lo dans une pi\u00e8ce ferm\u00e9e de ta r\u00e9sidence et circulez, il n\u2019y a rien \u00e0 voir. \u00c7a fait suer. \u00bb Dans les immeubles au sud de la ville, les r\u00e9sidents ont vid\u00e9 le local \u00e0 v\u00e9lo. Seulement quelques cycles restent accroch\u00e9s. \u00ab Il me semble n\u00e9cessaire de demander que des cam\u00e9ras soient pos\u00e9es \u00bb, exige m\u00eame une habitante. En attendant que la situation se tasse, et pour \u00e9viter les coups de disqueuses, les v\u00e9los stationnent dor\u00e9navant sur les terrasses.<\/p>\n","protected":false},"excerpt":{"rendered":"\u00ab Bonjour, cette nuit, un vol de v\u00e9los a eu lieu dans le local \u00bb, d\u00e9crit une petite&hellip;\n","protected":false},"author":2,"featured_media":491747,"comment_status":"","ping_status":"","sticky":false,"template":"","format":"standard","meta":{"footnotes":""},"categories":[2821],"tags":[1111,11,829,1777,674,1011,27,848,12,584,25],"class_list":{"0":"post-491746","1":"post","2":"type-post","3":"status-publish","4":"format-standard","5":"has-post-thumbnail","7":"category-rennes","8":"tag-actu","9":"tag-actualites","10":"tag-bretagne","11":"tag-eu","12":"tag-europe","13":"tag-fr","14":"tag-france","15":"tag-ille-et-vilaine","16":"tag-news","17":"tag-rennes","18":"tag-republique-francaise"},"share_on_mastodon":{"url":"https:\/\/pubeurope.com\/@fr\/115442154410931075","error":""},"_links":{"self":[{"href":"https:\/\/www.europesays.com\/fr\/wp-json\/wp\/v2\/posts\/491746","targetHints":{"allow":["GET"]}}],"collection":[{"href":"https:\/\/www.europesays.com\/fr\/wp-json\/wp\/v2\/posts"}],"about":[{"href":"https:\/\/www.europesays.com\/fr\/wp-json\/wp\/v2\/types\/post"}],"author":[{"embeddable":true,"href":"https:\/\/www.europesays.com\/fr\/wp-json\/wp\/v2\/users\/2"}],"replies":[{"embeddable":true,"href":"https:\/\/www.europesays.com\/fr\/wp-json\/wp\/v2\/comments?post=491746"}],"version-history":[{"count":0,"href":"https:\/\/www.europesays.com\/fr\/wp-json\/wp\/v2\/posts\/491746\/revisions"}],"wp:featuredmedia":[{"embeddable":true,"href":"https:\/\/www.europesays.com\/fr\/wp-json\/wp\/v2\/media\/491747"}],"wp:attachment":[{"href":"https:\/\/www.europesays.com\/fr\/wp-json\/wp\/v2\/media?parent=491746"}],"wp:term":[{"taxonomy":"category","embeddable":true,"href":"https:\/\/www.europesays.com\/fr\/wp-json\/wp\/v2\/categories?post=491746"},{"taxonomy":"post_tag","embeddable":true,"href":"https:\/\/www.europesays.com\/fr\/wp-json\/wp\/v2\/tags?post=491746"}],"curies":[{"name":"wp","href":"https:\/\/api.w.org\/{rel}","templated":true}]}}