{"id":491748,"date":"2025-10-26T19:38:24","date_gmt":"2025-10-26T19:38:24","guid":{"rendered":"https:\/\/www.europesays.com\/fr\/491748\/"},"modified":"2025-10-26T19:38:24","modified_gmt":"2025-10-26T19:38:24","slug":"les-notes-des-joueurs-de-nice-apres-la-victoire-face-a-rennes","status":"publish","type":"post","link":"https:\/\/www.europesays.com\/fr\/491748\/","title":{"rendered":"les notes des joueurs de Nice apr\u00e8s la victoire face \u00e0 Rennes"},"content":{"rendered":"<p class=\"fs-5 \"><strong>Diouf (6)\u00a0:<\/strong> Si Lyon a \u00e9t\u00e9 son match r\u00e9f\u00e9rence, il a fallu attendre une horizontale splendide devant Fofana pour le voir d\u00e9cisif. Il l\u2019a \u00e9t\u00e9 jusqu\u2019\u00e0 la fin dans les moments chauds. Pourtant, le S\u00e9n\u00e9galais avait d\u2019abord rel\u00e2ch\u00e9 un premier ballon tr\u00e8s dangereux qui a manqu\u00e9 de profiter \u00e0 Lepaul, puis tent\u00e9 une relance plein axe qui a miraculeusement d\u00e9pass\u00e9 le premier rideau rennais. Fort mentalement.<\/p>\n<p class=\"fs-5 \"><strong>Mendy (6)\u00a0:<\/strong> Peu sollicit\u00e9 d\u00e9fensivement, puis \u00e0 outrance dans la derni\u00e8re demi-heure, son placement a \u00e9t\u00e9 bon, malgr\u00e9 une alerte d\u2019alignement sur une ouverture qui profite \u00e0 Lepaul. Son fait du match reste son intervention taille patron devant Embolo (72\u2019). Propre dans les relances et sans b\u00e9vue majeure. Sa taille a \u00e9t\u00e9 primordiale en fin de partie.<\/p>\n<p class=\"fs-5 \"><strong>Oppong (6)\u00a0:<\/strong> Le Ghan\u00e9en d\u00e9gageait de l\u2019assurance et avait \u00e9teint Embolo dans le duel en premi\u00e8re p\u00e9riode. On l\u2019a m\u00eame vu replacer et diriger des copains, profitant de sa position d\u2019axial. Peu \u00e0 peu, le rapport de force s\u2019est plus qu\u2019\u00e9quilibr\u00e9 et il aurait pu \u00eatre averti pour une grossi\u00e8re faute sur le Suisse (58\u2019). Heureusement pour lui, il sauve coup sur coup deux \u00e9normes situations devant Embolo et Me\u00eft\u00e9.<\/p>\n<p class=\"fs-5 \"><strong>Bard (6)\u00a0:<\/strong> On dit souvent que les entra\u00eeneurs ont besoin de joueurs polyvalents dans leur effectif. Lui apporte cette garantie. Pris de vitesse une seule fois par Tamari, son bagage et ses jaillissements ont soulag\u00e9 la d\u00e9fense ni\u00e7oise.<\/p>\n<p class=\"fs-5 \"><strong>Clauss (7)\u00a0: <\/strong>Sa relation avec Vanhoutte est en train d\u2019aller en grandissant. Souvent cherch\u00e9 par le Belge, il a offert des courses int\u00e9ressantes sans \u00eatre pris \u00e0 d\u00e9faut dans son couloir. Au bon endroit au bon moment pour catapulter une demi-vol\u00e9e pr\u00e9cise et faire le break, il a bien dig\u00e9r\u00e9 son rouge p\u00e9nalisant \u00e0 Vigo. Seul point noir, sa sortie \u00e0 la pause, g\u00ean\u00e9 musculairement. Remplac\u00e9 par LOUCHET (46\u2019, NOTE\u00a0: 3), d\u00e9pass\u00e9 par Tamari dans son couloir et \u00e0 la limite du penalty (86\u2019).<\/p>\n<p class=\"fs-5 \"><strong>Vanhoutte (7)\u00a0: <\/strong>De la justesse, \u00e0 l\u2019image d\u2019un lancement bien senti dans la course de Boga (12\u2019). Mais aussi quelques exc\u00e8s d\u2019engagement \u00e9vitables, qu\u2019il compense toujours par une facult\u00e9 naturelle \u00e0 constamment proposer des solutions. De grands bols d\u2019air pour toute l\u2019\u00e9quipe.<\/p>\n<p class=\"fs-5 \"><strong>Abdul Samed (5)\u00a0<\/strong>: Dans l\u2019ombre de Vanhoutte, il s\u2019est attel\u00e9 \u00e0 \u00eatre l\u2019homme de l\u2019ombre, celui qui compense les mont\u00e9es des copains et se rend utile en couverture. Pour ce qui \u00e9tait de l\u2019utilisation du ballon, il a paradoxalement \u00e9t\u00e9 plus performant face au Celta. Remplac\u00e9 par SANSON (78\u2019), qui s\u2019est battu.<\/p>\n<p class=\"fs-5 \"><strong>Abdi (5)\u00a0:<\/strong> Sa hargne mal plac\u00e9e \u00e0 Monaco a disparu et il l\u2019a prouv\u00e9 hier, en mettant juste ce qu\u2019il faut en termes d\u2019impact. Avec le ballon, ses mont\u00e9es ont eu le m\u00e9rite de brider un Blas invisible offensivement. Son apport d\u00e9croissant au fil des minutes, il a \u00e9t\u00e9 remplac\u00e9 par BAH (70\u2019), qui intervient en pompier pour \u00e9teindre l\u2019incendie dans le temps additionnel.<\/p>\n<p class=\"fs-5 \"><strong>Kevin Carlos (4)\u00a0: <\/strong>L\u2019Espagnol ne devait pas d\u00e9marrer la rencontre, mais l\u2019alerte musculaire ressentie par Cho \u00e0 l\u2019\u00e9chauffement lui a offert une cartouche pour se montrer sous de meilleures auspices qu\u2019\u00e0 Vigo jeudi dernier. Il n\u2019a pas totalement manqu\u00e9 son rendez-vous, mais cela reste insuffisant. Encore mis en difficult\u00e9 dans le jeu en pivot, il g\u00e2che une situation de contre en poussant trop loin son ballon, mais offre un relais utile \u00e0 Boga sur le second but. Remplac\u00e9 par NGUENE (60\u2019), qui n\u2019a pas pes\u00e9 ni aid\u00e9 le bloc \u00e0 ressortir.<\/p>\n<p class=\"fs-5 \"><strong>Diop (7)\u00a0:<\/strong> D\u00e8s ses premi\u00e8res prises de balles, l\u2019atout num\u00e9ro 1 du moment a voulu amener vitesse et verticalit\u00e9. La preuve par ce une-deux avec Vanhoutte qui provoque le jaune de Camara. Et comme deux preuves en valent plus qu\u2019une, son bijou \u00e0 l\u2019instinct en une touche de balle a d\u00e9bloqu\u00e9 la rencontre. Quand il est \u00e0 ce niveau, peu de d\u00e9fenses peuvent l\u2019arr\u00eater. Le Marocain signe en prime sa plus belle s\u00e9rie en carri\u00e8re avec un geste d\u00e9cisif sur chacun de ses quatre derniers matchs de Ligue 1. Remplac\u00e9 par GOUVEIA (78\u2019), introuvable.<\/p>\n<p class=\"fs-5 \">Boga (6)\u00a0: Des percussions \u00e0 la hauteur de son talent en d\u00e9but de rencontre. Puis un face-\u00e0-face g\u00e2ch\u00e9, o\u00f9 l\u2019Ivoirien indique trop facilement son intention d\u2019ouvrir le pied \u00e0 Samba. Comme si ce duel manqu\u00e9 avait \u00e9teint interrupteur, l\u2019ancien de Bergame s\u2019est rallum\u00e9 subitement en provoquant comme un grand le second but, d\u2019un rush d\u00e9cisif que l\u2019on ne demande qu\u2019\u00e0 voir davantage. Comme toute l\u2019\u00e9quipe, il a baiss\u00e9 de pied au fil des minutes.<\/p>\n<p>            <img src=\"https:\/\/www.europesays.com\/fr\/wp-content\/uploads\/2025\/10\/f981b15_upload-1-is4kqcrx50iq-afp-823d84m-40861392.jpg\"   loading=\"lazy\" decoding=\"async\" alt=\"Sofiane Diop a r\u00e9ussi une superbe frappe de l\u2019ext\u00e9rieur de la surface pour lancer son \u00e9quipe sur la voie de son premier succ\u00e8s \u00e0 l\u2019ext\u00e9rieur de la saison. D\u00e9j\u00e0 son cinqui\u00e8me but dans cette Ligue 1\u00a02025-26. \" class=\"img-fluid position-absolute w-100 object-fit-cover rounded-2\" width=\"600\" height=\"400\"\/><\/p>\n<p class=\"fs-5 \"><strong>Le coach (6)\u00a0<\/strong>: Conqu\u00e9rant en premi\u00e8re mi-temps, son syst\u00e8me a fonctionn\u00e9, malgr\u00e9 un bloc qui a encore trop subi en fin de match.<\/p>\n<p class=\"fs-5 \"><strong>Le match\u00a0: 6<\/strong><\/p>\n<p class=\"fs-5 \"><strong>L\u2019arbitre\u00a0: 5<\/strong><\/p>\n","protected":false},"excerpt":{"rendered":"Diouf (6)\u00a0: Si Lyon a \u00e9t\u00e9 son match r\u00e9f\u00e9rence, il a fallu attendre une horizontale splendide devant Fofana&hellip;\n","protected":false},"author":2,"featured_media":491749,"comment_status":"","ping_status":"","sticky":false,"template":"","format":"standard","meta":{"footnotes":""},"categories":[2821],"tags":[1111,11,829,1777,674,1011,27,12,54521,584,25],"class_list":{"0":"post-491748","1":"post","2":"type-post","3":"status-publish","4":"format-standard","5":"has-post-thumbnail","7":"category-rennes","8":"tag-actu","9":"tag-actualites","10":"tag-bretagne","11":"tag-eu","12":"tag-europe","13":"tag-fr","14":"tag-france","15":"tag-news","16":"tag-ogcnice","17":"tag-rennes","18":"tag-republique-francaise"},"share_on_mastodon":{"url":"https:\/\/pubeurope.com\/@fr\/115442163339110869","error":""},"_links":{"self":[{"href":"https:\/\/www.europesays.com\/fr\/wp-json\/wp\/v2\/posts\/491748","targetHints":{"allow":["GET"]}}],"collection":[{"href":"https:\/\/www.europesays.com\/fr\/wp-json\/wp\/v2\/posts"}],"about":[{"href":"https:\/\/www.europesays.com\/fr\/wp-json\/wp\/v2\/types\/post"}],"author":[{"embeddable":true,"href":"https:\/\/www.europesays.com\/fr\/wp-json\/wp\/v2\/users\/2"}],"replies":[{"embeddable":true,"href":"https:\/\/www.europesays.com\/fr\/wp-json\/wp\/v2\/comments?post=491748"}],"version-history":[{"count":0,"href":"https:\/\/www.europesays.com\/fr\/wp-json\/wp\/v2\/posts\/491748\/revisions"}],"wp:featuredmedia":[{"embeddable":true,"href":"https:\/\/www.europesays.com\/fr\/wp-json\/wp\/v2\/media\/491749"}],"wp:attachment":[{"href":"https:\/\/www.europesays.com\/fr\/wp-json\/wp\/v2\/media?parent=491748"}],"wp:term":[{"taxonomy":"category","embeddable":true,"href":"https:\/\/www.europesays.com\/fr\/wp-json\/wp\/v2\/categories?post=491748"},{"taxonomy":"post_tag","embeddable":true,"href":"https:\/\/www.europesays.com\/fr\/wp-json\/wp\/v2\/tags?post=491748"}],"curies":[{"name":"wp","href":"https:\/\/api.w.org\/{rel}","templated":true}]}}