{"id":491750,"date":"2025-10-26T19:39:16","date_gmt":"2025-10-26T19:39:16","guid":{"rendered":"https:\/\/www.europesays.com\/fr\/491750\/"},"modified":"2025-10-26T19:39:16","modified_gmt":"2025-10-26T19:39:16","slug":"a-strasbourg-virginie-joron-est-officiellement-la-candidate-du-rn","status":"publish","type":"post","link":"https:\/\/www.europesays.com\/fr\/491750\/","title":{"rendered":"\u00e0 Strasbourg, Virginie Joron est officiellement la candidate du RN"},"content":{"rendered":"<p>    <img loading=\"lazy\" width=\"1800\" height=\"900\" src=\"https:\/\/www.europesays.com\/fr\/wp-content\/uploads\/2025\/08\/jeanne-callthepolice.jpg\" class=\"attachment-full size-full\" alt=\"\" id=\"imageLove\" decoding=\"async\"  \/><\/p>\n<p id=\"breadcrumbs\"><a href=\"https:\/\/pokaa.fr\/\" target=\"_blank\" rel=\"noopener\">Accueil<\/a> \/ <a href=\"https:\/\/pokaa.fr\/categories\/municipales-2026\/\" target=\"_blank\" rel=\"noopener\">Municipales 2026<\/a> \/ Municipales 2026 : \u00e0 Strasbourg, Virginie Joron est officiellement la candidate du RN<\/p>\n<p>                    Municipales 2026<\/p>\n<p class=\"p1\"><b>Le 23 octobre, Virginie Joron s\u2019est d\u00e9clar\u00e9e candidate aux \u00e9lections municipales de Strasbourg, sous l\u2019\u00e9tiquette du Rassemblement national (RN). L\u2019actuelle eurod\u00e9put\u00e9e d\u2019extr\u00eame droite compte bien \u00ab\u00a0sauver Strasbourg\u00a0\u00bb car \u00ab\u00a0Strasbourg m\u00e9rite mieux\u00a0\u00bb. Reste \u00e0 savoir quelle place pourra prendre le RN dans la campagne.<\/b><\/p>\n<p class=\"p1\">Ce n\u2019est pas vraiment une surprise, mais c\u2019est d\u00e9sormais officiel : <b>Virginie Joron se lance dans la bataille des \u00e9lections municipales de Strasbourg en mars 2026<\/b>. Celle qui s\u2019est fait conna\u00eetre dans les milieux antivax par son opposition vive \u00e0 l\u2019obligation vaccinale et ses remises en cause r\u00e9p\u00e9t\u00e9es de l\u2019efficacit\u00e9 des vaccins se repr\u00e9sentera devant le vote des Strasbourgeois(es), deux ans apr\u00e8s sa 3e place au second tour des l\u00e9gislatives 2024 dans la 2e circonscription.<\/p>\n<p class=\"p1\">Depuis plusieurs mois, <b>l\u2019eurod\u00e9put\u00e9e d\u2019extr\u00eame droite menait une campagne active, particuli\u00e8rement sur les r\u00e9seaux sociaux, avec son mouvement \u00ab\u00a0Sauvons Strasbourg\u00a0\u00bb<\/b>. Pendant l\u2019\u00e9t\u00e9, elle s\u2019est fait remarquer par la distribution de tracts avec un mot d\u2019ordre :\u00a0\u00ab Arr\u00eatez d\u2019emmerder les Strasbourgeois ! \u00bb Un mot d\u2019ordre qui infusera sa campagne.<\/p>\n<p>    <img width=\"467\" height=\"600\" src=\"https:\/\/www.europesays.com\/fr\/wp-content\/uploads\/2025\/09\/960px-1718810508494-20240619-joron-virginie-fr-004-467x600.jpg\" class=\"attachment-image-size-M size-image-size-M\" alt=\"virginie joron\" decoding=\"async\" loading=\"lazy\"  \/>         \u00a9 Parlement europ\u00e9en \/ Document remis <\/p>\n<p>\u00ab\u00a0Strasbourg m\u00e9rite mieux\u00a0\u00bb : la base de la campagne du RN<\/p>\n<p class=\"p1\">Par voie de communiqu\u00e9 de presse, <b>Virginie Joron a donc officialis\u00e9 sa candidature aux \u00e9lections municipales ce 23 octobre<\/b>. Un choix que la candidate d\u2019extr\u00eame droite fait \u00ab\u00a0avec d\u00e9termination, lucidit\u00e9 et amour pour notre ville merveilleuse mais affaiblie par 5 ans de gestion dogmatique et d\u00e9connect\u00e9e [\u2026] qui ont ridiculis\u00e9 cette ville historique.\u00a0\u00bb Des mots qui ne tranchent pas vraiment avec ceux que l\u2019on retrouve chez une bonne partie de l\u2019opposition municipale.<\/p>\n<p class=\"p1\">Souhaitant \u00ab\u00a0d\u00e9fendre les Strasbourgeois et les Strasbourgeoises\u00a0\u00bb, la candidate RN liste ses priorit\u00e9s : la s\u00e9curit\u00e9, la qualit\u00e9 de vie et la libert\u00e9 de chacun(e). <b>Comme tous les candidat(e)s, elle aimerait\u00ab\u00a0redonner la parole aux Strasbourgeois\u00a0\u00bb, et elle compte \u00eatre \u00ab\u00a0une mairie qui \u00e9coute, qui prot\u00e8ge et qui agit pour tous.\u00a0\u00bb<\/b> Il ne manque que l\u2019\u00e9quipe de campagne, qui sera pr\u00e9sent\u00e9e dans les prochaines semaines, et le projet pour la ville, qui sera construit \u00ab\u00a0quartier par quartier.\u00a0\u00bb<\/p>\n<p>    <img width=\"338\" height=\"600\" src=\"https:\/\/www.europesays.com\/fr\/wp-content\/uploads\/2025\/10\/1cb0b1a2-b0a0-41be-9e59-e7fe7bdb000c-338x600.jpeg\" class=\"attachment-image-size-M size-image-size-M\" alt=\"rn strasbourg\" decoding=\"async\" loading=\"lazy\"  \/>         \u00a9 Vivien Latuner \/ Pokaa <\/p>\n<p>Quelle place pour le RN \u00e0 Strasbourg ?<\/p>\n<p class=\"p1\">Au-del\u00e0 du programme et de l\u2019\u00e9quipe, la question autour de Virginie Joron sera simple : <b>parviendra-t-elle \u00e0 hisser l\u2019extr\u00eame droite au deuxi\u00e8me tour des municipales ?<\/b> Un objectif pas inatteignable, sachant que deux \u00e9lu(e)s RN si\u00e9geaient au conseil municipal en 2014, tandis que <b>le parti d\u2019extr\u00eame droite s\u2019est hiss\u00e9 au deuxi\u00e8me tour des l\u00e9gislatives en 2024 dans toutes les circonscriptions strasbourgeoises<\/b>.<\/p>\n<p class=\"p1\">N\u00e9anmoins, il faudra faire mieux qu\u2019en 2020, o\u00f9 la campagne du parti d\u2019extr\u00eame droite avait \u00e9t\u00e9 tr\u00e8s compliqu\u00e9e, avec leur candidat d\u2019origine se retirant de la course, <b>rattrap\u00e9 par sa condamnation pour crimes racistes \u00e0 cinq ans d\u2019emprisonnement, dont trois ans et six mois avec sursis<\/b>. Hombeline Du Parc avait alors repris la campagne, sans succ\u00e8s, puisqu\u2019elle a obtenu 6,27 %, \u00e9chouant \u00e0 d\u00e9passer les 10%. \u00c0 voir de quel c\u00f4t\u00e9 tombera la pi\u00e8ce en 2026.<\/p>\n","protected":false},"excerpt":{"rendered":"Accueil \/ Municipales 2026 \/ Municipales 2026 : \u00e0 Strasbourg, Virginie Joron est officiellement la candidate du RN&hellip;\n","protected":false},"author":2,"featured_media":491751,"comment_status":"","ping_status":"","sticky":false,"template":"","format":"standard","meta":{"footnotes":""},"categories":[2820],"tags":[1111,11,1777,674,1076,1011,27,775,3434,49909,12,316,25,2848,640],"class_list":{"0":"post-491750","1":"post","2":"type-post","3":"status-publish","4":"format-standard","5":"has-post-thumbnail","7":"category-strasbourg","8":"tag-actu","9":"tag-actualites","10":"tag-eu","11":"tag-europe","12":"tag-extreme-droite","13":"tag-fr","14":"tag-france","15":"tag-grand-est","16":"tag-municipales-2026","17":"tag-municipales-strasbourg","18":"tag-news","19":"tag-politique","20":"tag-republique-francaise","21":"tag-rn","22":"tag-strasbourg"},"share_on_mastodon":{"url":"https:\/\/pubeurope.com\/@fr\/115442166961451602","error":""},"_links":{"self":[{"href":"https:\/\/www.europesays.com\/fr\/wp-json\/wp\/v2\/posts\/491750","targetHints":{"allow":["GET"]}}],"collection":[{"href":"https:\/\/www.europesays.com\/fr\/wp-json\/wp\/v2\/posts"}],"about":[{"href":"https:\/\/www.europesays.com\/fr\/wp-json\/wp\/v2\/types\/post"}],"author":[{"embeddable":true,"href":"https:\/\/www.europesays.com\/fr\/wp-json\/wp\/v2\/users\/2"}],"replies":[{"embeddable":true,"href":"https:\/\/www.europesays.com\/fr\/wp-json\/wp\/v2\/comments?post=491750"}],"version-history":[{"count":0,"href":"https:\/\/www.europesays.com\/fr\/wp-json\/wp\/v2\/posts\/491750\/revisions"}],"wp:featuredmedia":[{"embeddable":true,"href":"https:\/\/www.europesays.com\/fr\/wp-json\/wp\/v2\/media\/491751"}],"wp:attachment":[{"href":"https:\/\/www.europesays.com\/fr\/wp-json\/wp\/v2\/media?parent=491750"}],"wp:term":[{"taxonomy":"category","embeddable":true,"href":"https:\/\/www.europesays.com\/fr\/wp-json\/wp\/v2\/categories?post=491750"},{"taxonomy":"post_tag","embeddable":true,"href":"https:\/\/www.europesays.com\/fr\/wp-json\/wp\/v2\/tags?post=491750"}],"curies":[{"name":"wp","href":"https:\/\/api.w.org\/{rel}","templated":true}]}}