{"id":491752,"date":"2025-10-26T19:40:25","date_gmt":"2025-10-26T19:40:25","guid":{"rendered":"https:\/\/www.europesays.com\/fr\/491752\/"},"modified":"2025-10-26T19:40:25","modified_gmt":"2025-10-26T19:40:25","slug":"en-direct-lyon-strasbourg-une-place-sur-le-podium-a-aller-chercher-pour-les-strasbourgeois","status":"publish","type":"post","link":"https:\/\/www.europesays.com\/fr\/491752\/","title":{"rendered":"EN DIRECT &#8211; Lyon-Strasbourg : une place sur le podium \u00e0 aller chercher pour les Strasbourgeois"},"content":{"rendered":"<p>            <a href=\"https:\/\/www.lefigaro.fr\/sports\/football\/ligue-1\/on-aime-paris-et-la-france-le-figaro-etait-a-la-sorbonne-pour-la-masterclass-de-nasser-al-khelaifi-20251023\" class=\"fig-ranking-profile-link\" aria-label=\"\u00abOn aime Paris et la France\u00bb\u00a0: Le Figaro \u00e9tait \u00e0 la Sorbonne pour la Masterclass de Nasser Al-Khela\u00effi (article Premium)\" title=\"\u00abOn aime Paris et la France\u00bb\u00a0: Le Figaro \u00e9tait \u00e0 la Sorbonne pour la Masterclass de Nasser Al-Khela\u00effi (article Premium)\" data-fig-domain=\"LEFIGARO\" target=\"_blank\" rel=\"noopener\"><\/p>\n<p>        \u00abOn aime Paris et la France\u00bb\u00a0: Le Figaro \u00e9tait \u00e0 la Sorbonne pour la Masterclass de Nasser Al-Khela\u00effi<\/p>\n<p>                                                <\/a><\/p>\n<p>        <img   class=\"fig-img fig-ranking-profile-media-small-picture__photo\" alt=\"\u00abOn aime Paris et la France\u00bb\u00a0: Le Figaro \u00e9tait \u00e0 la Sorbonne pour la Masterclass de Nasser Al-Khela\u00effi\" height=\"388\" width=\"559\"\/><\/p>\n<p class=\"fig-ranking-profile-standfirst\">\n    <strong>REPORTAGE \u2013 <\/strong>Devant plus de 600 \u00e9tudiants conquis, le pr\u00e9sident du PSG s\u2019est exprim\u00e9 mercredi en fin d\u2019apr\u00e8s-midi, \u00e0 la Sorbonne, potentiel futur partenaire du club.\n<\/p>\n<p>            <a href=\"https:\/\/www.lefigaro.fr\/sports\/football\/ligue-1\/ligue-1-l-om-tombe-a-lens-et-rend-son-trone-au-psg-20251025\" class=\"fig-ranking-profile-link\" data-fig-domain=\"LEFIGARO\" target=\"_blank\" rel=\"noopener\"><\/p>\n<p>        Ligue 1\u00a0: l\u2019OM tombe \u00e0 Lens et rend son tr\u00f4ne au PSG<\/p>\n<p>                                                <\/a><\/p>\n<p>        <img   class=\"fig-img fig-ranking-profile-media-small-picture__photo\" alt=\"Ligue 1\u00a0: l\u2019OM tombe \u00e0 Lens et rend son tr\u00f4ne au PSG\" height=\"2000\" width=\"3000\"\/><\/p>\n<p class=\"fig-ranking-profile-standfirst\">\n    Leaders avant la neuvi\u00e8me journ\u00e9e, les Phoc\u00e9ens reculent \u00e0 la troisi\u00e8me position apr\u00e8s leur d\u00e9faite \u00e0 Lens (2-1), nouveau dauphin du Paris-SG.\n<\/p>\n<p>            <a href=\"https:\/\/www.lefigaro.fr\/flash-sport\/psg-le-travail-de-l-entraineur-c-est-d-etre-a-contre-courant-jure-luis-enrique-20251024\" class=\"fig-ranking-profile-link\" data-fig-domain=\"LEFIGARO\" target=\"_blank\" rel=\"noopener\"><\/p>\n<p>        PSG\u00a0: \u00abLe travail de l\u2019entra\u00eeneur, c\u2019est d\u2019\u00eatre \u00e0 contre-courant\u00bb, jure Luis Enrique<\/p>\n<p>                                                <\/a><\/p>\n<p>        <img   class=\"fig-img fig-ranking-profile-media-small-picture__photo\" alt=\"PSG\u00a0: \u00abLe travail de l\u2019entra\u00eeneur, c\u2019est d\u2019\u00eatre \u00e0 contre-courant\u00bb, jure Luis Enrique\" height=\"1643\" width=\"2300\"\/><\/p>\n<p class=\"fig-ranking-profile-standfirst\">\n    Le coach parisien s\u2019est exprim\u00e9 en conf\u00e9rence de presse ce vendredi, \u00e0 la veille du d\u00e9placement \u00e0 Brest, samedi (17h), lors de la neuvi\u00e8me journ\u00e9e de Ligue 1.<\/p>\n","protected":false},"excerpt":{"rendered":"\u00abOn aime Paris et la France\u00bb\u00a0: Le Figaro \u00e9tait \u00e0 la Sorbonne pour la Masterclass de Nasser Al-Khela\u00effi&hellip;\n","protected":false},"author":2,"featured_media":491753,"comment_status":"","ping_status":"","sticky":false,"template":"","format":"standard","meta":{"footnotes":""},"categories":[2820],"tags":[1111,11,525,1981,814,1777,674,2257,63,1011,27,775,3309,66,1307,955,12,1176,978,93,4448,25,1980,640],"class_list":{"0":"post-491752","1":"post","2":"type-post","3":"status-publish","4":"format-standard","5":"has-post-thumbnail","7":"category-strasbourg","8":"tag-actu","9":"tag-actualites","10":"tag-calendrier","11":"tag-classement","12":"tag-direct","13":"tag-eu","14":"tag-europe","15":"tag-foot","16":"tag-football","17":"tag-fr","18":"tag-france","19":"tag-grand-est","20":"tag-l1","21":"tag-ligue-1","22":"tag-lille","23":"tag-match","24":"tag-news","25":"tag-olympique-de-marseille","26":"tag-olympique-lyonnais","27":"tag-psg","28":"tag-rc-strasbourg","29":"tag-republique-francaise","30":"tag-resultats","31":"tag-strasbourg"},"share_on_mastodon":{"url":"https:\/\/pubeurope.com\/@fr\/115442170208150094","error":""},"_links":{"self":[{"href":"https:\/\/www.europesays.com\/fr\/wp-json\/wp\/v2\/posts\/491752","targetHints":{"allow":["GET"]}}],"collection":[{"href":"https:\/\/www.europesays.com\/fr\/wp-json\/wp\/v2\/posts"}],"about":[{"href":"https:\/\/www.europesays.com\/fr\/wp-json\/wp\/v2\/types\/post"}],"author":[{"embeddable":true,"href":"https:\/\/www.europesays.com\/fr\/wp-json\/wp\/v2\/users\/2"}],"replies":[{"embeddable":true,"href":"https:\/\/www.europesays.com\/fr\/wp-json\/wp\/v2\/comments?post=491752"}],"version-history":[{"count":0,"href":"https:\/\/www.europesays.com\/fr\/wp-json\/wp\/v2\/posts\/491752\/revisions"}],"wp:featuredmedia":[{"embeddable":true,"href":"https:\/\/www.europesays.com\/fr\/wp-json\/wp\/v2\/media\/491753"}],"wp:attachment":[{"href":"https:\/\/www.europesays.com\/fr\/wp-json\/wp\/v2\/media?parent=491752"}],"wp:term":[{"taxonomy":"category","embeddable":true,"href":"https:\/\/www.europesays.com\/fr\/wp-json\/wp\/v2\/categories?post=491752"},{"taxonomy":"post_tag","embeddable":true,"href":"https:\/\/www.europesays.com\/fr\/wp-json\/wp\/v2\/tags?post=491752"}],"curies":[{"name":"wp","href":"https:\/\/api.w.org\/{rel}","templated":true}]}}