{"id":491766,"date":"2025-10-26T19:48:14","date_gmt":"2025-10-26T19:48:14","guid":{"rendered":"https:\/\/www.europesays.com\/fr\/491766\/"},"modified":"2025-10-26T19:48:14","modified_gmt":"2025-10-26T19:48:14","slug":"direct-toulouse-toulon-suivez-le-match","status":"publish","type":"post","link":"https:\/\/www.europesays.com\/fr\/491766\/","title":{"rendered":"DIRECT. Toulouse &#8211; Toulon\u00a0: suivez le match"},"content":{"rendered":"<p><a name=\"post1761507900\"\/>20:45 &#8211; Toulon a \u00e9t\u00e9 \u00e9prouv\u00e9 par le d\u00e9c\u00e8s d&rsquo;Andr\u00e9 Herrero<\/p>\n<p>L&rsquo;ancien\u00a0deuxi\u00e8me ou troisi\u00e8me ligne de ligne\u00a0est disparu \u00e0 87 ans, dans la nuit de jeudi \u00e0 vendredi. C&rsquo;est l&rsquo;une des plus grandes l\u00e9gendes du Rugby club toulonnais.\u00a0<\/p>\n<blockquote class=\"twitter-tweet\"><p>&#13;<\/p>\n<p dir=\"ltr\" lang=\"fr\">???????? ???????????????????? ????&rsquo;???????? ???????????? ????????????????\u0301 ????\ufe0f<\/p>\n<p>C\u2019est avec une immense tristesse que le Rugby Club Toulonnais a appris le d\u00e9c\u00e8s d\u2019Andr\u00e9 Herrero, survenu dans la nuit de jeudi \u00e0 vendredi, \u00e0 l\u2019\u00e2ge de 87 ans.<\/p>\n<p>\u00c0 sa famille, ses proches et tous ses camarades de jeu, le RCT adresse ses\u2026 <a href=\"https:\/\/t.co\/tRWZkM5raV\" rel=\"nofollow\">pic.twitter.com\/tRWZkM5raV<\/a><\/p>\n<p>&#13;<br \/>\n\u2014 RCT \u2013 Rugby Club Toulonnais (@RCTofficiel) <a href=\"https:\/\/twitter.com\/RCTofficiel\/status\/1981620990946754775?ref_src=twsrc%5Etfw\" rel=\"nofollow noopener\" target=\"_blank\">October 24, 2025<\/a><\/p><\/blockquote>\n<p>&#13;<br \/>\n<a name=\"post1761507600\"\/>20:40 &#8211; La composition des Varois pour ce Toulouse &#8211; Toulon ! <\/p>\n<p>Pierre Mignoni a d\u00e9cid\u00e9 de proc\u00e9der \u00e0 de nombreuses rotations pour ce d\u00e9placement p\u00e9rilleux au Stadium Municipal. <a href=\"https:\/\/www.linternaute.fr\/sport\/biographie\/2640119-charles-ollivon-taille-blessure-qui-est-le-capitaine-du-xv-de-france\/\" title=\"Charles Ollivon\" rel=\"nofollow noopener\" target=\"_blank\">Charles Ollivon<\/a> a \u00e9t\u00e9 d\u00e9sign\u00e9 capitaine du RCT.\u00a0<\/p>\n<p><a name=\"post1761507300\"\/>20:35 &#8211; Toulouse a subi un gros coup dur en milieu de semaine<\/p>\n<p>Sous contrat jusqu&rsquo;au terme de la saison, Pita Ahki, v\u00e9ritable l\u00e9gende du Stade Toulousain, a d\u00e9cid\u00e9 d&rsquo;avancer son d\u00e9part \u00e0 d\u00e9cembre. Le centre n\u00e9o-z\u00e9landais retrouvera les Blues d\u2019Auckland pour des \u00ab\u00a0raisons familiales\u00a0\u00bb.\u00a0<\/p>\n<blockquote class=\"twitter-tweet\"><p>&#13;<\/p>\n<p dir=\"ltr\" lang=\"fr\">Le Stade Toulousain annonce avec \u00e9motion le d\u00e9part de Pita Ahki au 1er d\u00e9cembre 2025, pour rejoindre la franchise des Blues d\u2019Auckland.<\/p>\n<p>D\u00e9couvrez le communiqu\u00e9 en int\u00e9gralit\u00e9 sur notre site officiel ???? <a href=\"https:\/\/t.co\/fpbE1jbjfv\" rel=\"nofollow\">pic.twitter.com\/fpbE1jbjfv<\/a><\/p>\n<p>&#13;<br \/>\n\u2014 Stade Toulousain (@StadeToulousain) <a href=\"https:\/\/twitter.com\/StadeToulousain\/status\/1981058121691738551?ref_src=twsrc%5Etfw\" rel=\"nofollow noopener\" target=\"_blank\">October 22, 2025<\/a><\/p><\/blockquote>\n<p>&#13;<br \/>\n<a name=\"post1761507000\"\/>20:30 &#8211; Romain Ntamack appelle \u00e0 la vigilance face \u00e0 Toulon<\/p>\n<p>\u00ab\u00a0C\u2019est une grosse \u00e9quipe. Ils ont fait un \u00e9norme match face au Racing qui \u00e9tait venu avec des intentions, avec une belle \u00e9quipe aussi. On sait tr\u00e8s bien qu\u2019il faudra \u00eatre vigilant de partout. Ils ont un gros paquet d\u2019avants, une d\u00e9fense tr\u00e8s agressive. Derri\u00e8re, ils jouent tr\u00e8s bien au rugby, ils ont des mecs avec des jeux au pied assez impressionnants, qui arrivent \u00e0 faire reculer les adversaires. Donc ils sont dangereux partout. On s\u2019applique vraiment la semaine \u00e0 \u00e9tudier comme il faut l\u2019adversaire \u00e0 la vid\u00e9o. Et on a pass\u00e9 pas mal de temps sur cette \u00e9quipe toulonnaise parce qu\u2019il y a des armes quand m\u00eame aux quatre coins du terrain. Donc ce sera \u00e0 nous de faire un grand match pour les contrer, pour les emp\u00eacher de mettre leurs joueurs en place.\u00a0\u00bb<\/p>\n<p><a name=\"post1761506700\"\/>20:25 &#8211; La composition des Haut-Garonnais pour ce Toulouse &#8211; Toulon ! <\/p>\n<p>L&rsquo;entra\u00eeneur des Rouge et Noir Ugo Mola a donn\u00e9 le brassard de capitaine \u00e0 Jack Willis.\u00a0<\/p>\n<p><a name=\"post1761506400\"\/>20:20 &#8211; Quelle diffusion streaming pour le match Racing 92 &#8211; Toulon ?<\/p>\n<p>Pour suivre Toulouse &#8211; Toulon en streaming sur votre smartphone, ordinateur ou tablette vous aurez un seul choix. Celui de souscrire \u00e0 un abonnement 100% digital \u00e0 MyCanal ce qui vous permettra de rejoindre Canal +.<\/p>\n<p><a name=\"post1761506100\"\/>20:15 &#8211; Sur quelle cha\u00eene TV est diffus\u00e9e Toulouse &#8211; Toulon ?<\/p>\n<p>Comme c\u2019est le cas pour toutes les affiches du <a href=\"https:\/\/www.linternaute.com\/sport\/competitions\/2595371-top-14-pau-solide-leader-le-classement\/\" title=\"Top 14\" rel=\"nofollow noopener\" target=\"_blank\">Top 14<\/a>, vous aurez un seul et unique choix pour voir ce Toulouse &#8211; Toulon. Cette rencontre sera diffus\u00e9e par Canal. Vous devrez donc vous brancher sur Canal +.<\/p>\n<p><a name=\"post1761505800\"\/>20:10 &#8211; Les premiers r\u00e9sultats de la 8e journ\u00e9e de Top 14<\/p>\n<p>Pour l&rsquo;heure, le Stade Rochelais est la seule \u00e9quipe \u00e0 avoir gagn\u00e9 \u00e0 l&rsquo;ext\u00e9rieur.\u00a0<\/p>\n<ul>&#13;<\/p>\n<li>Lyon &#8211; La Rochelle : 19-39<\/li>\n<p>&#13;<\/p>\n<li>Clermont &#8211; Castres : 63-14<\/li>\n<p>&#13;<\/p>\n<li>Racing 92 &#8211; Pau : 15-10<\/li>\n<p>&#13;<\/p>\n<li>Stade Fran\u00e7ais Paris &#8211; Montpellier : 35-12<\/li>\n<p>&#13;<\/p>\n<li>Montauban &#8211; Perpignan : 29-22<\/li>\n<p>&#13;<\/p>\n<li>Bordeaux-B\u00e8gles &#8211; Bayonne : 41-12<\/li>\n<p>&#13;\n<\/ul>\n<p><a name=\"post1761505500\"\/>20:05 &#8211; Bonsoir et bienvenue pour ce Toulouse &#8211; Toulon ! <\/p>\n<p>Dans le cadre de cette 8e journ\u00e9e de championnat, le Top 14 offre un choc Toulouse &#8211; Toulon. Le coup d&rsquo;envoi de cette partie sera donn\u00e9 \u00e0 21h05.<\/p>\n<p><script async src=\"https:\/\/platform.twitter.com\/widgets.js\" charset=\"utf-8\"><\/script><\/p>\n","protected":false},"excerpt":{"rendered":"20:45 &#8211; Toulon a \u00e9t\u00e9 \u00e9prouv\u00e9 par le d\u00e9c\u00e8s d&rsquo;Andr\u00e9 Herrero L&rsquo;ancien\u00a0deuxi\u00e8me ou troisi\u00e8me ligne de ligne\u00a0est disparu&hellip;\n","protected":false},"author":2,"featured_media":491767,"comment_status":"","ping_status":"","sticky":false,"template":"","format":"standard","meta":{"footnotes":""},"categories":[2816],"tags":[1111,11,61354,51761,1777,674,51763,1011,27,12,2680,51767,25,479,478,2312],"class_list":{"0":"post-491766","1":"post","2":"type-post","3":"status-publish","4":"format-standard","5":"has-post-thumbnail","7":"category-toulouse","8":"tag-actu","9":"tag-actualites","10":"tag-cms-linternaute-9080075","11":"tag-controller-content","12":"tag-eu","13":"tag-europe","14":"tag-format-papier","15":"tag-fr","16":"tag-france","17":"tag-news","18":"tag-occitanie","19":"tag-parallaxeinfeed","20":"tag-republique-francaise","21":"tag-rugby","22":"tag-top-14","23":"tag-toulouse"},"share_on_mastodon":{"url":"https:\/\/pubeurope.com\/@fr\/115442201630575522","error":""},"_links":{"self":[{"href":"https:\/\/www.europesays.com\/fr\/wp-json\/wp\/v2\/posts\/491766","targetHints":{"allow":["GET"]}}],"collection":[{"href":"https:\/\/www.europesays.com\/fr\/wp-json\/wp\/v2\/posts"}],"about":[{"href":"https:\/\/www.europesays.com\/fr\/wp-json\/wp\/v2\/types\/post"}],"author":[{"embeddable":true,"href":"https:\/\/www.europesays.com\/fr\/wp-json\/wp\/v2\/users\/2"}],"replies":[{"embeddable":true,"href":"https:\/\/www.europesays.com\/fr\/wp-json\/wp\/v2\/comments?post=491766"}],"version-history":[{"count":0,"href":"https:\/\/www.europesays.com\/fr\/wp-json\/wp\/v2\/posts\/491766\/revisions"}],"wp:featuredmedia":[{"embeddable":true,"href":"https:\/\/www.europesays.com\/fr\/wp-json\/wp\/v2\/media\/491767"}],"wp:attachment":[{"href":"https:\/\/www.europesays.com\/fr\/wp-json\/wp\/v2\/media?parent=491766"}],"wp:term":[{"taxonomy":"category","embeddable":true,"href":"https:\/\/www.europesays.com\/fr\/wp-json\/wp\/v2\/categories?post=491766"},{"taxonomy":"post_tag","embeddable":true,"href":"https:\/\/www.europesays.com\/fr\/wp-json\/wp\/v2\/tags?post=491766"}],"curies":[{"name":"wp","href":"https:\/\/api.w.org\/{rel}","templated":true}]}}