{"id":491770,"date":"2025-10-26T19:51:30","date_gmt":"2025-10-26T19:51:30","guid":{"rendered":"https:\/\/www.europesays.com\/fr\/491770\/"},"modified":"2025-10-26T19:51:30","modified_gmt":"2025-10-26T19:51:30","slug":"un-tres-violent-orage-surprend-marseille-les-images-impressionnantes","status":"publish","type":"post","link":"https:\/\/www.europesays.com\/fr\/491770\/","title":{"rendered":"un tr\u00e8s violent orage surprend Marseille, les images impressionnantes"},"content":{"rendered":"<p>            Par<br \/>\n        <strong><br \/>\n            <a href=\"https:\/\/actu.fr\/auteur\/fabien-binacchi\" title=\"Consulter tous les articles de Fabien Binacchi\" target=\"_blank\" rel=\"noopener\">Fabien Binacchi<\/a><br \/>\n        <\/strong><\/p>\n<p>        Publi\u00e9 le<\/p>\n<p>            22 oct. 2025 \u00e0 8h17        <\/p>\n<p>Des trombes d\u2019eau, un v\u00e9ritable d\u00e9luge et des \u00e9clairs en rafale. <strong>\u00c0 l\u2019heure du r\u00e9veil<\/strong> ce mercredi 22\u00a0octobre 2025, un puissant orage est venu surprendre tout <a href=\"https:\/\/actu.fr\/marseille\/\" target=\"_blank\" rel=\"noopener\">Marseille<\/a> et une partie des <a href=\"https:\/\/actu.fr\/provence-alpes-cote-d-azur\/bouches-du-rhone_13\" target=\"_blank\" rel=\"noopener\">Bouches-du-Rh\u00f4ne.<\/a> L\u2019\u00e9pisode n\u2019avait pas \u00e9t\u00e9 sp\u00e9cialement pr\u00e9vu, alors qu\u2019une \u00ab\u2009bombe m\u00e9t\u00e9orologique\u2009\u00bb est par contre annonc\u00e9e pour la journ\u00e9e de jeudi.<\/p>\n<p>\u00ab\u2009Je suis \u00e9blouie par les \u00e9clairs carr\u00e9ment\u2009\u00bb<\/p>\n<p class=\" wall-content\">Sur les r\u00e9seaux sociaux, les internautes t\u00e9moignent de l\u2019ampleur du ph\u00e9nom\u00e8ne\u2009: \u00ab\u2009C\u2019est quoi cet orage de malade qu\u2019on a \u00e0 Marseille, je suis \u00e9blouie par les \u00e9clairs carr\u00e9ment\u2009\u00bb, \u00ab\u2009C\u2019est la guerre dehors, l\u2019orage de fou\u2009\u00bb, <strong>\u00ab\u2009J\u2019ai tellement cri\u00e9, wow\u2009\u00bb.<\/strong><\/p>\n<p class=\" wall-content\">L\u2019\u00e9pisode, entam\u00e9 un peu apr\u00e8s 7h, aura dur\u00e9 une vingtaine de minutes. Mais <strong>son intensit\u00e9 a \u00e9tonn\u00e9.<\/strong> Les images et vid\u00e9os publi\u00e9es sont impressionnantes.<\/p>\n<p>    <a href=\"https:\/\/www.facebook.com\/plugins\/video.php?height=314&amp;href=https%3A%2F%2Fwww.facebook.com%2Freel%2F1742341730501966%2F&amp;show_text=true&amp;width=350&amp;t=0\" title=\"Ouvrie le lien\" target=\"_blank\" rel=\"noopener\">Cliquez ici pour visualiser le contenu<\/a><\/p>\n<p>    <a href=\"https:\/\/www.facebook.com\/plugins\/video.php?height=476&amp;href=https%3A%2F%2Fwww.facebook.com%2Freel%2F2024941234950462%2F&amp;show_text=true&amp;width=350&amp;t=0\" title=\"Ouvrie le lien\" target=\"_blank\" rel=\"noopener\">Cliquez ici pour visualiser le contenu<\/a><\/p>\n<p>\u00ab\u2009Pluies intenses et forte activit\u00e9 \u00e9lectrique\u2009\u00bb<\/p>\n<p class=\" wall-content\">D\u2019autant plus que l\u2019\u00e9pisode n\u2019avait pas \u00e9t\u00e9 pr\u00e9vu. Seulement sur les coups de 7h, carte radar \u00e0 l\u2019appui, <a href=\"https:\/\/www.facebook.com\/meteobouchesdurhone\" target=\"_blank\" rel=\"noopener\">M\u00e9t\u00e9o Bouches-du-Rh\u00f4ne<\/a> annon\u00e7ait\u2009: \u00ab\u2009Un orage transite sur le littoral et proche littoral. D\u2019ouest en est\u2009! Prudence, fortes pr\u00e9cipitations en cours.\u2009\u00bb<\/p>\n<p class=\" wall-content\">\n<p class=\" wall-content\">Le m\u00e9t\u00e9orologue ind\u00e9pendant Guillaume S\u00e9chet confirme sur X que <strong>\u00ab\u2009cette ligne orageuse n\u2019avait pas \u00e9t\u00e9 anticip\u00e9e par les mod\u00e8les de pr\u00e9vision\u2009\u00bb.<\/strong><\/p>\n<p>Votre r\u00e9gion, votre actu !<\/p>\n<p>Recevez chaque jour les infos qui comptent pour vous.<\/p>\n<p>\t<a href=\"https:\/\/actu.fr\/newsletter\" class=\"ac-btn ac-btn--corner ac-btn--medium ac-btn--blue800\" target=\"_blank\" rel=\"noopener\">S&rsquo;incrire<\/a><\/p>\n<p class=\" wall-content\">De leur c\u00f4t\u00e9, les auteurs de la page <a href=\"https:\/\/www.facebook.com\/MeteoExpress\" target=\"_blank\" rel=\"noopener\">M\u00e9t\u00e9o Express<\/a> ne pouvaient que constater, une fois la pluie arr\u00eat\u00e9e\u2009: \u00ab\u2009<strong>Une ligne orageuse surprend les Bouches-du-Rh\u00f4ne<\/strong> ce mercredi matin avec pluies intenses et forte activit\u00e9 \u00e9lectrique\u2009\u00bb.<\/p>\n<p>\u00ab\u2009Des ruissellements dans la ville\u2009\u00bb<\/p>\n<p class=\" wall-content\">Et d\u2019expliquer, quelques minutes plus tard qu\u2019il est tomb\u00e9 \u00ab\u2009<strong>10 \u00e0 20\u00a0mm de pluie en l\u2019espace de quelques minutes,<\/strong> causant des ruissellements dans la ville.\u2009\u00bb<\/p>\n<p>    <a href=\"https:\/\/www.facebook.com\/plugins\/video.php?height=476&amp;href=https%3A%2F%2Fwww.facebook.com%2FMeteoExpress%2Fvideos%2F1923052678598163%2F&amp;show_text=false&amp;width=350&amp;t=0\" title=\"Ouvrie le lien\" target=\"_blank\" rel=\"noopener\">Cliquez ici pour visualiser le contenu<\/a><\/p>\n<p class=\" wall-content\">Mais alors, que s\u2019est-il pass\u00e9\u2009? \u00ab\u2009Il s\u2019agit d\u2019<strong>une convergence des vents de sud et de nord<\/strong> que les mod\u00e8les n\u2019ont pas vu venir\u2009\u00bb, expliquent les m\u00e9t\u00e9orologues de l\u2019antenne aixoise de M\u00e9t\u00e9o-France, interrog\u00e9s par nos confr\u00e8res de <a href=\"https:\/\/www.laprovence.com\/article\/region\/1018069083857114\/meteo-un-orage-inattendu-sabat-sur-les-bouches-du-rhone-ce-mercredi-matin-toutes-les-explications\" target=\"_blank\" rel=\"noopener\">La Provence.<\/a><\/p>\n<p class=\" wall-content\">\u00ab\u2009Un passage orageux relativement impr\u00e9visible a touch\u00e9 une grande partie de notre d\u00e9partement. Dans un rapide flux d\u2019Ouest. Avec une convergence localis\u00e9e des vents, renforc\u00e9e par <strong>un apport d\u2019air frais par l\u2019Ouest venant se heurter \u00e0 de l\u2019air plus chaud \u00e0 l\u2019Est.<\/strong> Il s\u2019agit \u00e9galement des pr\u00e9mices de la temp\u00eate Benjamin qui va toucher une large partie de la France demain jeudi\u2009\u00bb, explique <a href=\"https:\/\/www.facebook.com\/lameteodu13\/posts\/pfbid02hqKv8mU9VjERkT5HVCSPLKgoz2G8czMr6YME1yrKuekbnnUh96vLnrQBDGyYbbegl\" target=\"_blank\" rel=\"noopener\">le m\u00e9t\u00e9orologue ind\u00e9pendant Paul Marquis.<\/a><\/p>\n<p>    <a href=\"https:\/\/www.facebook.com\/plugins\/post.php?href=https%3A%2F%2Fwww.facebook.com%2FWhatsupPACA%2Fposts%2Fpfbid03822BSbeMdosjdKZcCRyp7P1FLUe4vZV9J3M1WnHbMtWAJ75wqsjwe2fn89UH7fcJl&amp;show_text=false&amp;width=350\" title=\"Ouvrie le lien\" target=\"_blank\" rel=\"noopener\">Cliquez ici pour visualiser le contenu<\/a><\/p>\n<p class=\" wall-content\">Les tr\u00e8s fortes pr\u00e9cipitations, aussi soudaines qu\u2019inattendues, ont en tout cas occasionn\u00e9 <strong>des ralentissements sur les routes<\/strong> \u00e0 l\u2019heure de pointe.<\/p>\n<p class=\" wall-content\">Personnalisez votre actualit\u00e9 en ajoutant vos villes et m\u00e9dias en favori avec <a href=\"https:\/\/moncompte.actu.fr\" title=\"D\u00e9couvez Mon Actu\" rel=\"nofollow noopener\" data-trk=\"{&quot;cta&quot;:{&quot;action&quot;:&quot;https:\\\/\\\/moncompte.actu.fr&quot;,&quot;category&quot;:&quot;mon compte&quot;,&quot;from&quot;:&quot;article footer&quot;,&quot;name&quot;:&quot;Mon actu&quot;,&quot;type&quot;:&quot;cta&quot;}}\" target=\"_blank\">Mon Actu<\/a>.<\/p>\n","protected":false},"excerpt":{"rendered":"Par Fabien Binacchi Publi\u00e9 le 22 oct. 2025 \u00e0 8h17 Des trombes d\u2019eau, un v\u00e9ritable d\u00e9luge et des&hellip;\n","protected":false},"author":2,"featured_media":491771,"comment_status":"","ping_status":"","sticky":false,"template":"","format":"standard","meta":{"footnotes":""},"categories":[2814],"tags":[1111,11,1777,674,1011,27,884,2487,12,882,25],"class_list":{"0":"post-491770","1":"post","2":"type-post","3":"status-publish","4":"format-standard","5":"has-post-thumbnail","7":"category-marseille","8":"tag-actu","9":"tag-actualites","10":"tag-eu","11":"tag-europe","12":"tag-fr","13":"tag-france","14":"tag-marseille","15":"tag-meteo","16":"tag-news","17":"tag-provence-alpes-cote-dazur","18":"tag-republique-francaise"},"share_on_mastodon":{"url":"https:\/\/pubeurope.com\/@fr\/115442213542300641","error":""},"_links":{"self":[{"href":"https:\/\/www.europesays.com\/fr\/wp-json\/wp\/v2\/posts\/491770","targetHints":{"allow":["GET"]}}],"collection":[{"href":"https:\/\/www.europesays.com\/fr\/wp-json\/wp\/v2\/posts"}],"about":[{"href":"https:\/\/www.europesays.com\/fr\/wp-json\/wp\/v2\/types\/post"}],"author":[{"embeddable":true,"href":"https:\/\/www.europesays.com\/fr\/wp-json\/wp\/v2\/users\/2"}],"replies":[{"embeddable":true,"href":"https:\/\/www.europesays.com\/fr\/wp-json\/wp\/v2\/comments?post=491770"}],"version-history":[{"count":0,"href":"https:\/\/www.europesays.com\/fr\/wp-json\/wp\/v2\/posts\/491770\/revisions"}],"wp:featuredmedia":[{"embeddable":true,"href":"https:\/\/www.europesays.com\/fr\/wp-json\/wp\/v2\/media\/491771"}],"wp:attachment":[{"href":"https:\/\/www.europesays.com\/fr\/wp-json\/wp\/v2\/media?parent=491770"}],"wp:term":[{"taxonomy":"category","embeddable":true,"href":"https:\/\/www.europesays.com\/fr\/wp-json\/wp\/v2\/categories?post=491770"},{"taxonomy":"post_tag","embeddable":true,"href":"https:\/\/www.europesays.com\/fr\/wp-json\/wp\/v2\/tags?post=491770"}],"curies":[{"name":"wp","href":"https:\/\/api.w.org\/{rel}","templated":true}]}}