{"id":491788,"date":"2025-10-26T20:01:18","date_gmt":"2025-10-26T20:01:18","guid":{"rendered":"https:\/\/www.europesays.com\/fr\/491788\/"},"modified":"2025-10-26T20:01:18","modified_gmt":"2025-10-26T20:01:18","slug":"attaque-de-drones-russes-et-missile-de-croisiere-a-propulsion-nucleaire-2","status":"publish","type":"post","link":"https:\/\/www.europesays.com\/fr\/491788\/","title":{"rendered":"Attaque de drones russes et missile de croisi\u00e8re \u00e0 propulsion nucl\u00e9aire"},"content":{"rendered":"<p class=\"mb-4 text-lg md:leading-8 break-words\"><strong>RECAP &#8211; \u00ab\u00a020 Minutes\u00a0\u00bb fait le point pour vous tous les soirs sur le conflit en Ukraine. Ce dimanche, de nouvelles frappes russes ont fait au moins trois morts en Ukraine<\/strong><\/p>\n<p class=\"mb-4 text-lg md:leading-8 break-words\">Vous avez rat\u00e9 les derniers \u00e9v\u00e9nements sur la guerre en <a href=\"https:\/\/www.20minutes.fr\/monde\/ukraine\/?at_medium=RSS%20feed&amp;at_campaign=ynews&amp;utm_source=yahoo&amp;utm_medium=rss&amp;utm_campaign=news_feed&amp;utm_content=in_article_link\" rel=\"nofollow noopener\" target=\"_blank\" data-ylk=\"slk:Ukraine\u00a0;elm:context_link;itc:0;sec:content-canvas\" class=\"link \">Ukraine\u00a0<\/a>? 20 Minutes fait le point pour vous tous les soirs. Voici l\u2019essentiel de ce dimanche 26\u00a0octobre, 1.341e jour du conflit.<\/p>\n<p>Le fait du jour<\/p>\n<p class=\"mb-4 text-lg md:leading-8 break-words\">Une attaque de drones russe sur Kiev a fait trois morts et pr\u00e8s d\u2019une trentaine de bless\u00e9s dont six enfants, a annonc\u00e9 dimanche le maire de la capitale ukrainienne <a href=\"https:\/\/www.20minutes.fr\/dossier\/vitali_klitschko?at_medium=RSS%20feed&amp;at_campaign=ynews&amp;utm_source=yahoo&amp;utm_medium=rss&amp;utm_campaign=news_feed&amp;utm_content=in_article_link\" rel=\"nofollow noopener\" target=\"_blank\" data-ylk=\"slk:Vitali Klitschko;elm:context_link;itc:0;sec:content-canvas\" class=\"link \">Vitali Klitschko<\/a>. \u00ab\u00a0Selon les premi\u00e8res informations, trois personnes sont d\u00e9c\u00e9d\u00e9es et 27 ont \u00e9t\u00e9 bless\u00e9es\u00a0\u00bb dans le quartier de Desnianskyi \u00e0 Kiev, a \u00e9crit Klitschko sur <a href=\"https:\/\/www.20minutes.fr\/high-tech\/telegram\/?at_medium=RSS%20feed&amp;at_campaign=ynews&amp;utm_source=yahoo&amp;utm_medium=rss&amp;utm_campaign=news_feed&amp;utm_content=in_article_link\" rel=\"nofollow noopener\" target=\"_blank\" data-ylk=\"slk:Telegram;elm:context_link;itc:0;sec:content-canvas\" class=\"link \">Telegram<\/a>. L\u2019attaque a \u00e9galement caus\u00e9 de nombreux d\u00e9g\u00e2ts mat\u00e9riels et des feux se sont d\u00e9clar\u00e9s dans plusieurs appartements d\u2019un immeuble, avant d\u2019\u00eatre \u00e9teint. Dans le quartier d\u2019Obolonskyi, des d\u00e9bris de drones sont tomb\u00e9s sur un immeuble de 16 \u00e9tages, selon le maire de Kiev.<\/p>\n<p>La phrase du jour<\/p>\n<blockquote class=\"mb-4 border-l-2 pl-5 italic text-tertiary\">\n<p class=\"mb-4 text-lg md:leading-8 break-words\">\u00ab\u00a0Nous sommes t\u00e9moins de tentatives titanesques de saper tout dialogue entre la Russie et les \u00c9tats-Unis\u00a0\u00bb<\/p>\n<\/blockquote>\n<p class=\"mb-4 text-lg md:leading-8 break-words\">On la doit \u00e0 Kirill Dmitriev. Cet \u00e9missaire du Kremlin pour les questions \u00e9conomiques a d\u00e9nonc\u00e9 dimanche des \u00ab\u00a0tentatives\u00a0\u00bb de saper le <a href=\"https:\/\/www.20minutes.fr\/monde\/dialogue\/?at_medium=RSS%20feed&amp;at_campaign=ynews&amp;utm_source=yahoo&amp;utm_medium=rss&amp;utm_campaign=news_feed&amp;utm_content=in_article_link\" rel=\"nofollow noopener\" target=\"_blank\" data-ylk=\"slk:dialogue;elm:context_link;itc:0;sec:content-canvas\" class=\"link \">dialogue<\/a> \u00ab\u00a0constructif\u00a0\u00bb entre la Russie et les \u00c9tats-Unis visant \u00e0 trouver un r\u00e8glement du conflit ukrainien, quelques jours apr\u00e8s le <a href=\"https:\/\/www.20minutes.fr\/dossier\/report?at_medium=RSS%20feed&amp;at_campaign=ynews&amp;utm_source=yahoo&amp;utm_medium=rss&amp;utm_campaign=news_feed&amp;utm_content=in_article_link\" rel=\"nofollow noopener\" target=\"_blank\" data-ylk=\"slk:report;elm:context_link;itc:0;sec:content-canvas\" class=\"link \">report<\/a> sine die d\u2019un projet de rencontre entre Vladimir Poutine et <a href=\"https:\/\/www.20minutes.fr\/dossier\/donald_trump?at_medium=RSS%20feed&amp;at_campaign=ynews&amp;utm_source=yahoo&amp;utm_medium=rss&amp;utm_campaign=news_feed&amp;utm_content=in_article_link\" rel=\"nofollow noopener\" target=\"_blank\" data-ylk=\"slk:Donald Trump;elm:context_link;itc:0;sec:content-canvas\" class=\"link \">Donald Trump<\/a>. Cette annonce intervient alors que Kirill Dmitriev encha\u00eene depuis vendredi des rencontres avec des responsables de l\u2019administration Trump \u00e0 Washington.<\/p>\n<p>Publicit\u00e9<\/p>\n<p>Publicit\u00e9<\/p>\n<p>Publicit\u00e9<\/p>\n<p>Publicit\u00e9<\/p>\n<p><a href=\"https:\/\/www.20minutes.fr\/monde\/ukraine\/\" rel=\"nofollow noopener\" target=\"_blank\" data-ylk=\"slk:Notre dossier sur la Guerre en Ukraine;elm:context_link;itc:0;sec:content-canvas\" class=\"link \">Notre dossier sur la Guerre en Ukraine<\/a>Le chiffre du jour<\/p>\n<p class=\"mb-4 text-lg md:leading-8 break-words\">14.000 km. C\u2019est la port\u00e9e du no(&#8230;)<\/p>\n<p class=\"mb-4 text-lg md:leading-8 break-words\"><a href=\"https:\/\/www.20minutes.fr\/monde\/4181627-20251026-guerre-ukraine-attaque-drones-russes-missile-croisiere-propulsion-nucleaire?at_medium=RSS%20feed&amp;at_campaign=ynews&amp;utm_source=yahoo&amp;utm_medium=rss&amp;utm_campaign=news_feed&amp;utm_content=read_more_link&quot;\" rel=\"nofollow noopener\" target=\"_blank\" data-ylk=\"slk:Lire la suite sur 20minutes;elm:context_link;itc:0;sec:content-canvas\" class=\"link \">Lire la suite sur 20minutes<\/a><\/p>\n<p>\u00c0 lire aussi :<br \/><a href=\"https:\/\/www.20minutes.fr\/monde\/ukraine\/4181608-20251026-guerre-ukraine-poutine-annonce-essai-reussi-missile-croisiere-propulsion-nucleaire-portee-illimitee?at_medium=RSS%20feed&amp;at_campaign=ynews&amp;utm_source=yahoo&amp;utm_medium=rss&amp;utm_campaign=news_feed&amp;utm_content=related_content_link\" rel=\"nofollow noopener\" target=\"_blank\" data-ylk=\"slk:Guerre en Ukraine\u00a0: Poutine annonce un essai r\u00e9ussi d\u2019un missile de croisi\u00e8re \u00e0 propulsion nucl\u00e9aire \u00ab\u00a0\u00e0 port\u00e9e illimit\u00e9e\u00a0\u00bb;elm:context_link;itc:0;sec:content-canvas\" class=\"link \">Guerre en Ukraine\u00a0: Poutine annonce un essai r\u00e9ussi d\u2019un missile de croisi\u00e8re \u00e0 propulsion nucl\u00e9aire \u00ab\u00a0\u00e0 port\u00e9e illimit\u00e9e\u00a0\u00bb<\/a><br \/><a href=\"https:\/\/www.20minutes.fr\/monde\/ukraine\/4181576-20251025-guerre-ukraine-quatre-morts-frappes-russes-kiev-jette-filets-peche-contre-drones?at_medium=RSS%20feed&amp;at_campaign=ynews&amp;utm_source=yahoo&amp;utm_medium=rss&amp;utm_campaign=news_feed&amp;utm_content=related_content_link\" rel=\"nofollow noopener\" target=\"_blank\" data-ylk=\"slk:Guerre en Ukraine\u00a0: Quatre morts dans des frappes russes et Kiev jette des filets de p\u00eache contre les drones;elm:context_link;itc:0;sec:content-canvas\" class=\"link \">Guerre en Ukraine\u00a0: Quatre morts dans des frappes russes et Kiev jette des filets de p\u00eache contre les drones<\/a><\/p>\n","protected":false},"excerpt":{"rendered":"RECAP &#8211; \u00ab\u00a020 Minutes\u00a0\u00bb fait le point pour vous tous les soirs sur le conflit en Ukraine. Ce&hellip;\n","protected":false},"author":2,"featured_media":491789,"comment_status":"","ping_status":"","sticky":false,"template":"","format":"standard","meta":{"footnotes":""},"categories":[1591],"tags":[642,11,11968,1887,11229,59633,12,1885,1886,132,220,14746],"class_list":{"0":"post-491788","1":"post","2":"type-post","3":"status-publish","4":"format-standard","5":"has-post-thumbnail","7":"category-russie","8":"tag-20-minutes","9":"tag-actualites","10":"tag-conflit-ukrainien","11":"tag-federation-de-russie","12":"tag-kiev","13":"tag-kirill-dmitriev","14":"tag-news","15":"tag-russia","16":"tag-russian-federation","17":"tag-russie","18":"tag-ukraine","19":"tag-vitali-klitschko"},"share_on_mastodon":{"url":"https:\/\/pubeurope.com\/@fr\/115442252853226010","error":""},"_links":{"self":[{"href":"https:\/\/www.europesays.com\/fr\/wp-json\/wp\/v2\/posts\/491788","targetHints":{"allow":["GET"]}}],"collection":[{"href":"https:\/\/www.europesays.com\/fr\/wp-json\/wp\/v2\/posts"}],"about":[{"href":"https:\/\/www.europesays.com\/fr\/wp-json\/wp\/v2\/types\/post"}],"author":[{"embeddable":true,"href":"https:\/\/www.europesays.com\/fr\/wp-json\/wp\/v2\/users\/2"}],"replies":[{"embeddable":true,"href":"https:\/\/www.europesays.com\/fr\/wp-json\/wp\/v2\/comments?post=491788"}],"version-history":[{"count":0,"href":"https:\/\/www.europesays.com\/fr\/wp-json\/wp\/v2\/posts\/491788\/revisions"}],"wp:featuredmedia":[{"embeddable":true,"href":"https:\/\/www.europesays.com\/fr\/wp-json\/wp\/v2\/media\/491789"}],"wp:attachment":[{"href":"https:\/\/www.europesays.com\/fr\/wp-json\/wp\/v2\/media?parent=491788"}],"wp:term":[{"taxonomy":"category","embeddable":true,"href":"https:\/\/www.europesays.com\/fr\/wp-json\/wp\/v2\/categories?post=491788"},{"taxonomy":"post_tag","embeddable":true,"href":"https:\/\/www.europesays.com\/fr\/wp-json\/wp\/v2\/tags?post=491788"}],"curies":[{"name":"wp","href":"https:\/\/api.w.org\/{rel}","templated":true}]}}