{"id":491796,"date":"2025-10-26T20:05:21","date_gmt":"2025-10-26T20:05:21","guid":{"rendered":"https:\/\/www.europesays.com\/fr\/491796\/"},"modified":"2025-10-26T20:05:21","modified_gmt":"2025-10-26T20:05:21","slug":"les-bleues-intensifient-les-seances-avant-la-reception-de-lallemagne","status":"publish","type":"post","link":"https:\/\/www.europesays.com\/fr\/491796\/","title":{"rendered":"Les bleues intensifient les s\u00e9ances avant la r\u00e9ception de l&rsquo;Allemagne."},"content":{"rendered":"<p><strong>Apr\u00e8s leur d\u00e9faite face \u00e0 l&rsquo;Allemagne en demi-finale aller de la Ligue des Nations\u00a0f\u00e9minine le vendredi dernier \u00e0 D\u00fcsseldorf, les Bleues ont repris le chemin des terrains.<\/strong><\/p>\n<p>Sous la houlette du s\u00e9lectionneur Laurent Bonadei, qui insiste sur la n\u00e9cessit\u00e9 de \u00a0\u00bb repartir de l&rsquo;avant\u00a0\u00bb sans se laisser submerger par la pression, les bleues mettent l&rsquo;accent sur la coh\u00e9sion d&rsquo;\u00e9quipe et la tactique pour corriger les errements d\u00e9fensifs qui ont permis \u00e0 Klara B\u00fchl d&rsquo;inscrire l&rsquo;unique but. Motiv\u00e9es par la soif de revanche, les Fran\u00e7aises savent que le moindre d\u00e9tail comptera au retour. Malgr\u00e9 le forfait de Marie Antoinette Katoto qui n&rsquo;a pas \u00e9t\u00e9 remplac\u00e9e, l&rsquo;attaque des bleues reste sereine et concentr\u00e9e sur l&rsquo;objectif.<\/p>\n<p>Malgr\u00e9 ce but de retard, les bleues vont se lancer dans\u00a0 l&rsquo;espoir d&rsquo;inverser la tendance et de d\u00e9crocher un billet pour la finale de cette Ligue des nations 2025.\u00a0<\/p>\n<p>\u00a0<\/p>\n<p>\u00a0 \u00a0 \u00a0 \u00a0 \u00a0 \u00a0 \u00a0 \u00a0<strong>Kossigan AGAMAKOU\u00a0<\/strong><\/p>\n<p>\u00a0<\/p>\n<p><strong>Cr\u00e9dit photo : Equipe de France\u00a0<\/strong><\/p>\n<p>                                                                            (function(d, s, id) {<br \/>\n            var js, fjs = d.getElementsByTagName(s)[0];<br \/>\n            if (d.getElementById(id)) return;<br \/>\n            js = d.createElement(s); js.id = id;<br \/>\n            js.src = \u00ab\u00a0\/\/connect.facebook.net\/fr_FR\/sdk.js#xfbml=1&#038;version=v2.8\u00a0\u00bb;<br \/>\n            fjs.parentNode.insertBefore(js, fjs);<br \/>\n        }(document, &lsquo;script&rsquo;, &lsquo;facebook-jssdk&rsquo;));<\/p>\n","protected":false},"excerpt":{"rendered":"Apr\u00e8s leur d\u00e9faite face \u00e0 l&rsquo;Allemagne en demi-finale aller de la Ligue des Nations\u00a0f\u00e9minine le vendredi dernier \u00e0&hellip;\n","protected":false},"author":2,"featured_media":491797,"comment_status":"","ping_status":"","sticky":false,"template":"","format":"standard","meta":{"footnotes":""},"categories":[1587],"tags":[11,672,12437,61445,1804,5492,1805,1803,6769,1777,674,1801,12,1802],"class_list":{"0":"post-491796","1":"post","2":"type-post","3":"status-publish","4":"format-standard","5":"has-post-thumbnail","7":"category-allemagne","8":"tag-actualites","9":"tag-allemagne","10":"tag-bleues","11":"tag-bonadei","12":"tag-bundesrepublik-deutschland","13":"tag-caen","14":"tag-de","15":"tag-deutschland","16":"tag-entrainement","17":"tag-eu","18":"tag-europe","19":"tag-germany","20":"tag-news","21":"tag-republique-federale-dallemagne"},"share_on_mastodon":{"url":"https:\/\/pubeurope.com\/@fr\/115442268426339528","error":""},"_links":{"self":[{"href":"https:\/\/www.europesays.com\/fr\/wp-json\/wp\/v2\/posts\/491796","targetHints":{"allow":["GET"]}}],"collection":[{"href":"https:\/\/www.europesays.com\/fr\/wp-json\/wp\/v2\/posts"}],"about":[{"href":"https:\/\/www.europesays.com\/fr\/wp-json\/wp\/v2\/types\/post"}],"author":[{"embeddable":true,"href":"https:\/\/www.europesays.com\/fr\/wp-json\/wp\/v2\/users\/2"}],"replies":[{"embeddable":true,"href":"https:\/\/www.europesays.com\/fr\/wp-json\/wp\/v2\/comments?post=491796"}],"version-history":[{"count":0,"href":"https:\/\/www.europesays.com\/fr\/wp-json\/wp\/v2\/posts\/491796\/revisions"}],"wp:featuredmedia":[{"embeddable":true,"href":"https:\/\/www.europesays.com\/fr\/wp-json\/wp\/v2\/media\/491797"}],"wp:attachment":[{"href":"https:\/\/www.europesays.com\/fr\/wp-json\/wp\/v2\/media?parent=491796"}],"wp:term":[{"taxonomy":"category","embeddable":true,"href":"https:\/\/www.europesays.com\/fr\/wp-json\/wp\/v2\/categories?post=491796"},{"taxonomy":"post_tag","embeddable":true,"href":"https:\/\/www.europesays.com\/fr\/wp-json\/wp\/v2\/tags?post=491796"}],"curies":[{"name":"wp","href":"https:\/\/api.w.org\/{rel}","templated":true}]}}