{"id":491800,"date":"2025-10-26T20:08:11","date_gmt":"2025-10-26T20:08:11","guid":{"rendered":"https:\/\/www.europesays.com\/fr\/491800\/"},"modified":"2025-10-26T20:08:11","modified_gmt":"2025-10-26T20:08:11","slug":"lacces-aux-terres-rares-mere-des-batailles-pour-leurope","status":"publish","type":"post","link":"https:\/\/www.europesays.com\/fr\/491800\/","title":{"rendered":"L\u2019acc\u00e8s aux terres rares, m\u00e8re des batailles pour l\u2019Europe"},"content":{"rendered":"<p>En prenant le contr\u00f4le de l\u2019entreprise Nexperia, le gouvernement des Pays-Bas ne pensait sans doute pas ouvrir une bo\u00eete de Pandore, mena\u00e7ant de paralyser l\u2019industrie automobile. Pass\u00e9e en mains chinoises il y a quelques ann\u00e9es, la soci\u00e9t\u00e9 n\u00e9erlandaise, dont les composants truffent les voitures, d\u00e9pend massivement de sa nouvelle patrie, qui n\u2019a pas tard\u00e9 \u00e0 fermer le robinet des livraisons.<\/p>\n<p>Embl\u00e9matique des liaisons dangereuses que le Vieux-Continent a d\u00e9velopp\u00e9es avec l\u2019Empire du Milieu avant que le monde ne change brutalement, ce cas d\u2019\u00e9cole est tr\u00e8s f\u00e2cheux. Il tombe toutefois \u00e0 point nomm\u00e9 pour saluer l\u2019annonce, samedi, par la pr\u00e9sidente de la Commission europ\u00e9enne, Ursula von\u00a0der\u00a0Leyen, du lancement imminent d\u2019un plan pour r\u00e9duire la d\u00e9pendance de l\u2019Union europ\u00e9enne (UE) envers la Chine dans le domaine des tr\u00e8s convoit\u00e9es terres rares. Cruciales dans les nouvelles technologies, ces mati\u00e8res premi\u00e8res abondent dans le monde mais leur extraction et leur transformation, peu rentables et polluantes, ont \u00e9t\u00e9 d\u00e9laiss\u00e9es \u00e0 la Chine. Elle en a fait une redoutable arme de n\u00e9gociation.<\/p>\n<p>Lire aussi: <a href=\"https:\/\/www.letemps.ch\/articles\/nexperia-la-menace-chinoise-que-l-industrie-automobile-europeenne-n-a-pas-vu-venir\" target=\"_blank\" rel=\"noopener\">Nexperia, la menace chinoise que l\u2019industrie automobile europ\u00e9enne n\u2019a pas vue venir<\/a>  <\/p>\n<p>Priorit\u00e9 au recyclage<\/p>\n<p>Vu leurs conditions de production, il y a tr\u00e8s peu de chances de voir des mines de c\u00e9rium, de gadolinium ou d\u2019erbium surgir sur le continent europ\u00e9en, qui peine d\u00e9j\u00e0 \u00e0 exploiter des champs de lithium et \u00e0 planter des \u00e9oliennes. De quoi craindre que cette initiative, qui doit \u00eatre men\u00e9e de concert avec le G7, ne prenne la poussi\u00e8re dans un tiroir.<\/p>\n<p>Voil\u00e0 qui serait bien regrettable car, comme l\u2019a signal\u00e9 la politicienne allemande, une autre voie est possible pour les terres rares comme pour d\u2019autres mat\u00e9riaux strat\u00e9giques, celle de l\u2019\u00e9conomie circulaire, encore largement sous-d\u00e9velopp\u00e9e. Selon\u00a0Ursula von\u00a0der\u00a0Leyen, certaines entreprises peuvent recycler jusqu\u2019\u00e0 95% des mati\u00e8res premi\u00e8res critiques contenues dans les batteries.<\/p>\n<p>Trop petite pour assurer son ind\u00e9pendance strat\u00e9gique sur tous les fronts, la Suisse a tout int\u00e9r\u00eat \u00e0 faire jeu commun avec l\u2019UE. Histoire aussi de valoriser ses comp\u00e9tences de pointe en la mati\u00e8re, \u00e0 l\u2019exemple de la chercheuse Marie Perrin, prim\u00e9e pour avoir \u00e9labor\u00e9 \u00e0 l\u2019EPFZ un proc\u00e9d\u00e9 permettant de recycler les terres rares. A la t\u00eate de la start-up REEcover, la jeune femme de 28\u00a0ans veut maintenant industrialiser cette technique brevet\u00e9e, guid\u00e9e par une citation de Saint-Exup\u00e9ry: \u00abPour ce qui est de l\u2019avenir, il ne s\u2019agit pas de le pr\u00e9voir, mais de le rendre possible.\u00bb Une aspiration qui d\u00e9montre que, bien loin des clich\u00e9s et des id\u00e9es re\u00e7ues, la nouvelle g\u00e9n\u00e9ration regorge de personnalit\u00e9s pr\u00eates \u00e0 s\u2019engager lorsqu\u2019elles trouvent un sens \u00e0 leur action.<\/p>\n<p>Lire aussi: <a href=\"https:\/\/www.letemps.ch\/articles\/guerre-commerciale-consensus-preliminaire-entre-la-chine-et-les-etats-unis-a-quatre-jours-d-un-sommet-crucial\" target=\"_blank\" rel=\"noopener\">Guerre commerciale: P\u00e9kin et Washington sur le sentier de la d\u00e9sescalade, la Chine garde l\u2019avantage<\/a>  <\/p>\n","protected":false},"excerpt":{"rendered":"En prenant le contr\u00f4le de l\u2019entreprise Nexperia, le gouvernement des Pays-Bas ne pensait sans doute pas ouvrir une&hellip;\n","protected":false},"author":2,"featured_media":491801,"comment_status":"","ping_status":"","sticky":false,"template":"","format":"standard","meta":{"footnotes":""},"categories":[1586],"tags":[11,646,215,1777,674,1779,1011,27,4438,1074,12,25,1778,364],"class_list":{"0":"post-491800","1":"post","2":"type-post","3":"status-publish","4":"format-standard","5":"has-post-thumbnail","7":"category-europe","8":"tag-actualites","9":"tag-automobile","10":"tag-commerce","11":"tag-eu","12":"tag-europe","13":"tag-european-union","14":"tag-fr","15":"tag-france","16":"tag-free","17":"tag-guerre-commerciale","18":"tag-news","19":"tag-republique-francaise","20":"tag-ue","21":"tag-union-europeenne"},"share_on_mastodon":{"url":"https:\/\/pubeurope.com\/@fr\/115442280280790223","error":""},"_links":{"self":[{"href":"https:\/\/www.europesays.com\/fr\/wp-json\/wp\/v2\/posts\/491800","targetHints":{"allow":["GET"]}}],"collection":[{"href":"https:\/\/www.europesays.com\/fr\/wp-json\/wp\/v2\/posts"}],"about":[{"href":"https:\/\/www.europesays.com\/fr\/wp-json\/wp\/v2\/types\/post"}],"author":[{"embeddable":true,"href":"https:\/\/www.europesays.com\/fr\/wp-json\/wp\/v2\/users\/2"}],"replies":[{"embeddable":true,"href":"https:\/\/www.europesays.com\/fr\/wp-json\/wp\/v2\/comments?post=491800"}],"version-history":[{"count":0,"href":"https:\/\/www.europesays.com\/fr\/wp-json\/wp\/v2\/posts\/491800\/revisions"}],"wp:featuredmedia":[{"embeddable":true,"href":"https:\/\/www.europesays.com\/fr\/wp-json\/wp\/v2\/media\/491801"}],"wp:attachment":[{"href":"https:\/\/www.europesays.com\/fr\/wp-json\/wp\/v2\/media?parent=491800"}],"wp:term":[{"taxonomy":"category","embeddable":true,"href":"https:\/\/www.europesays.com\/fr\/wp-json\/wp\/v2\/categories?post=491800"},{"taxonomy":"post_tag","embeddable":true,"href":"https:\/\/www.europesays.com\/fr\/wp-json\/wp\/v2\/tags?post=491800"}],"curies":[{"name":"wp","href":"https:\/\/api.w.org\/{rel}","templated":true}]}}