{"id":491804,"date":"2025-10-26T20:10:16","date_gmt":"2025-10-26T20:10:16","guid":{"rendered":"https:\/\/www.europesays.com\/fr\/491804\/"},"modified":"2025-10-26T20:10:16","modified_gmt":"2025-10-26T20:10:16","slug":"luc-besson-et-lavocate-sarah-saldmann-saffichent-en-couple","status":"publish","type":"post","link":"https:\/\/www.europesays.com\/fr\/491804\/","title":{"rendered":"Luc Besson et l\u2019avocate Sarah Saldmann s\u2019affichent en couple"},"content":{"rendered":"<p>Ce n\u2019\u00e9tait jusqu\u2019ici qu\u2019une simple rumeur. Mais <a href=\"https:\/\/www.20minutes.fr\/dossier\/luc_besson\" class=\"c-link c-link--is-underlined\" target=\"_blank\" rel=\"noopener\">Luc Besson <\/a>est bien en couple avec Sarah Saldmann. Le r\u00e9alisateur <a href=\"https:\/\/www.20minutes.fr\/dossier\/francais\" class=\"c-link c-link--is-underlined\" target=\"_blank\" rel=\"noopener\">fran\u00e7ais<\/a> a profit\u00e9 du tapis rouge du Festival du Film de Rome pour s\u2019afficher avec l\u2019avocate et chroniqueuse de <a href=\"https:\/\/www.20minutes.fr\/medias\/cnews\/\" class=\"c-link c-link--is-underlined\" target=\"_blank\" rel=\"noopener\">CNews<\/a> et Europe 1. L&rsquo;homme de 66 ans pr\u00e9sentait ce vendredi sa superproduction\u00a0: l\u2019adaptation d\u2019un classique du septi\u00e8me art, \u00ab\u00a0Dracula\u00a0\u00bb, d\u00e9j\u00e0 sorti en salle cet \u00e9t\u00e9.<\/p>\n<\/p>\n<p>Cette relation m\u00e9diatique avait \u00e9t\u00e9 r\u00e9v\u00e9l\u00e9e d\u00e8s f\u00e9vrier dernier par le magazine<a href=\"https:\/\/www.parismatch.com\/People\/luc-besson-et-sarah-saldmann-coup-de-foudre-en-hiver-247235?at_medium=Fan+Page&amp;at_campaign=Twitter+&amp;at_creation=Paris+Match\" target=\"_blank\" class=\"c-link c-link--is-underlined\" rel=\"noopener\"> Paris Match<\/a>. Le journal rappelait que le 17\u00a0janvier dernier, Sarah Saldmann annon\u00e7ait d\u2019ailleurs sur <a href=\"https:\/\/www.20minutes.fr\/medias\/europe1\/\" class=\"c-link c-link--is-underlined\" target=\"_blank\" rel=\"noopener\">Europe 1<\/a> \u00eatre heureuse en couple. \u00ab\u00a0Vous savez, je n\u2019ai eu que des hommes qui m\u2019ont trait\u00e9e comme une princesse, dans ma vie. On m\u2019a tellement mise sur un pi\u00e9destal, tellement aim\u00e9e, que quand vous avez connu \u00e7a, vous ne pouvez plus vous contenter de m\u00e9diocrit\u00e9\u00a0\u00bb, disait-elle, sans r\u00e9v\u00e9ler l\u2019identit\u00e9 de l\u2019homme en question. C\u2019est d\u00e9sormais chose faite.<\/p>\n<p>Auteur de films cultes comme \u00ab\u00a0Le Cinqui\u00e8me \u00e9l\u00e9ment\u00a0\u00bb, \u00ab\u00a0Nikita\u00a0\u00bb ou \u00ab\u00a0<a href=\"https:\/\/www.20minutes.fr\/cinema\/lucy\/\" class=\"c-link c-link--is-underlined\" target=\"_blank\" rel=\"noopener\">Lucy<\/a>\u00a0\u00bb, Luc Besson a encha\u00een\u00e9 derni\u00e8rement les infortunes commerciales (notamment avec son film \u00ab\u00a0Val\u00e9rian et la cit\u00e9 des mille plan\u00e8tes\u00a0\u00bb, \u00e0 180\u00a0millions de dollars) et les d\u00e9m\u00eal\u00e9s judiciaires, avec des accusations de viol, \u00e9cart\u00e9es par la justice en\u00a02024.<\/p>\n","protected":false},"excerpt":{"rendered":"Ce n\u2019\u00e9tait jusqu\u2019ici qu\u2019une simple rumeur. Mais Luc Besson est bien en couple avec Sarah Saldmann. Le r\u00e9alisateur&hellip;\n","protected":false},"author":2,"featured_media":491805,"comment_status":"","ping_status":"","sticky":false,"template":"","format":"standard","meta":{"footnotes":""},"categories":[2],"tags":[11,20933,1193,58,28778,1011,27,14990,12,5818,973,25],"class_list":{"0":"post-491804","1":"post","2":"type-post","3":"status-publish","4":"format-standard","5":"has-post-thumbnail","7":"category-actualites","8":"tag-actualites","9":"tag-avocat","10":"tag-couple","11":"tag-divertissement","12":"tag-dracula","13":"tag-fr","14":"tag-france","15":"tag-luc-besson","16":"tag-news","17":"tag-paris-match","18":"tag-people","19":"tag-republique-francaise"},"share_on_mastodon":{"url":"https:\/\/pubeurope.com\/@fr\/115442288312335493","error":""},"_links":{"self":[{"href":"https:\/\/www.europesays.com\/fr\/wp-json\/wp\/v2\/posts\/491804","targetHints":{"allow":["GET"]}}],"collection":[{"href":"https:\/\/www.europesays.com\/fr\/wp-json\/wp\/v2\/posts"}],"about":[{"href":"https:\/\/www.europesays.com\/fr\/wp-json\/wp\/v2\/types\/post"}],"author":[{"embeddable":true,"href":"https:\/\/www.europesays.com\/fr\/wp-json\/wp\/v2\/users\/2"}],"replies":[{"embeddable":true,"href":"https:\/\/www.europesays.com\/fr\/wp-json\/wp\/v2\/comments?post=491804"}],"version-history":[{"count":0,"href":"https:\/\/www.europesays.com\/fr\/wp-json\/wp\/v2\/posts\/491804\/revisions"}],"wp:featuredmedia":[{"embeddable":true,"href":"https:\/\/www.europesays.com\/fr\/wp-json\/wp\/v2\/media\/491805"}],"wp:attachment":[{"href":"https:\/\/www.europesays.com\/fr\/wp-json\/wp\/v2\/media?parent=491804"}],"wp:term":[{"taxonomy":"category","embeddable":true,"href":"https:\/\/www.europesays.com\/fr\/wp-json\/wp\/v2\/categories?post=491804"},{"taxonomy":"post_tag","embeddable":true,"href":"https:\/\/www.europesays.com\/fr\/wp-json\/wp\/v2\/tags?post=491804"}],"curies":[{"name":"wp","href":"https:\/\/api.w.org\/{rel}","templated":true}]}}