{"id":491818,"date":"2025-10-26T20:22:11","date_gmt":"2025-10-26T20:22:11","guid":{"rendered":"https:\/\/www.europesays.com\/fr\/491818\/"},"modified":"2025-10-26T20:22:11","modified_gmt":"2025-10-26T20:22:11","slug":"les-huit-jours-qui-ont-chamboule-le-plus-grand-musee-du-monde","status":"publish","type":"post","link":"https:\/\/www.europesays.com\/fr\/491818\/","title":{"rendered":"les huit jours qui ont chamboul\u00e9 le plus grand mus\u00e9e du monde"},"content":{"rendered":"<p>\n    <strong>R\u00c9CIT &#8211;<\/strong> De la stup\u00e9faction apr\u00e8s le cambriolage des joyaux de la galerie d\u2019Apollon \u00e0 l\u2019arrestation de deux suspects, retour sur la folle semaine qui a mis \u00e0 l\u2019\u00e9preuve Laurence des Cars, la patronne du Louvre.<\/p>\n<p class=\"fig-paragraph\">Une \u00e9claircie dans la p\u00e9nombre\u00a0: l\u2019interpellation, samedi en fin de journ\u00e9e, de deux hommes suspect\u00e9s d\u2019avoir particip\u00e9 au spectaculaire cambriolage de la galerie d\u2019Apollon, dimanche 19\u00a0octobre, est le premier signe tangible d\u2019une avanc\u00e9e dans une affaire qui a mobilis\u00e9 l\u2019attention du monde entier. Et provoqu\u00e9 une crise sans pr\u00e9c\u00e9dent au Louvre. Deux hommes ont \u00e9t\u00e9 arr\u00eat\u00e9s. Deux restent dans la nature et des bijoux, pour l\u2019instant, nulle trace. D\u00e8s le m\u00e9fait commis, les experts dans ce genre de larcin alertaient\u00a0: les joyaux historiques et r\u00e9pertori\u00e9s sont, \u00e0 peine vol\u00e9s, souvent dessertis et leur or fondu pour \u00eatre anonymis\u00e9s et \u00e9coul\u00e9s car ils sont invendables comme tels.<\/p>\n<p class=\"fig-paragraph\"><a href=\"http:\/\/www.lefigaro.fr\/vox\/culture\/bijoux-voles-au-louvre-declarer-comme-la-directrice-que-ce-cambriolage-etait-un-simple-incident-est-ahurissant-20251021\" data-fig-type=\"Article\" data-gtm-custom-categorie=\"navigation\" data-gtm-custom-action=\"crossclick\" data-gtm-custom-label=\"Contextuel\" data-gtm-event=\"customEventSPE\" data-fig-domain=\"LEFIGARO\" target=\"_blank\" rel=\"noopener\">Le Louvre<\/a>\u00a0reverra-t-il un jour son tr\u00e9sor\u00a0? \u00ab\u00a0Les voleurs, on finit toujours par les retrouver. \u00c7a semble \u00eatre du grand banditisme, on verra\u00a0\u00bb, a consid\u00e9r\u00e9 le ministre de l\u2019Int\u00e9rieur,\u00a0<a href=\"http:\/\/www.lefigaro.fr\/actualite-france\/laurent-nunez-un-autre-moine-soldat-prend-les-renes-de-l-interieur-20251012\" data-fig-type=\"Article\" data-gtm-custom-categorie=\"navigation\" data-gtm-custom-action=\"crossclick\" data-gtm-custom-label=\"Contextuel\" data-gtm-event=\"customEventSPE\" data-fig-domain=\"LEFIGARO\" target=\"_blank\" rel=\"noopener\">Laurent Nu\u00f1ez<\/a>, se disant \u00ab\u00a0inquiet pour les bijoux\u00a0\u00bb, dans un entretien publi\u00e9 dans la Tribune Dimanche. La question\u2026<\/p>\n<p class=\"fig-premium-paywall__infos\">\n        Cet article est r\u00e9serv\u00e9 aux abonn\u00e9s.        Il vous reste 88% \u00e0 d\u00e9couvrir.\n    <\/p>\n<p>                <img  data- alt=\"Le Figaro\" class=\"fig-img--complete fig-img\"\/><\/p>\n<p class=\"fig-premium-paywall__title\">Vous avez envie de lire la suite ?<\/p>\n<p class=\"fig-premium-paywall__subtitle\">D\u00e9bloquez tous les articles imm\u00e9diatement.<\/p>\n<p class=\"fig-premium-paywall__connect\">\n                D\u00e9j\u00e0 abonn\u00e9\u00a0?                <a class=\"fig-premium-paywall__connect-link\" href=\"https:\/\/connect.lefigaro.fr\/login?client=horizon_web&amp;type=main&amp;redirect_uri=https%3A%2F%2Fwww.lefigaro.fr%2Fculture%2Fvol-au-louvre-les-huit-jours-qui-ont-chamboule-le-plus-grand-musee-du-monde-20251026\" data-js-gtm=\"{&quot;customCategorie&quot;: &quot;conversion&quot;, &quot;customAction&quot;: &quot;before_Landing_Connexion_paywall_auto&quot;, &quot;customLabel&quot;: &quot;bGVmaWdhcm8uZnJfXzFmMGIyNTQwLTE5ODItNmNhMC04ODc4LTc5Y2ExYzk1ODM3Y19fQXJ0aWNsZQ==_Vol au Louvre\u00a0: les huit jours qui ont chamboul\u00e9 le plus grand mus\u00e9e du monde_308&quot;, &quot;customIDSPE&quot;: &quot;bGVmaWdhcm8uZnJfXzFmMGIyNTQwLTE5ODItNmNhMC04ODc4LTc5Y2ExYzk1ODM3Y19fQXJ0aWNsZQ==&quot;, &quot;event&quot;: &quot;customEventSPE&quot;}\" target=\"_blank\" rel=\"noopener\"><br \/>\n                    Connectez-vous<br \/>\n                <\/a>\n            <\/p>\n","protected":false},"excerpt":{"rendered":"R\u00c9CIT &#8211; De la stup\u00e9faction apr\u00e8s le cambriolage des joyaux de la galerie d\u2019Apollon \u00e0 l\u2019arrestation de deux&hellip;\n","protected":false},"author":2,"featured_media":491819,"comment_status":"","ping_status":"","sticky":false,"template":"","format":"standard","meta":{"footnotes":""},"categories":[1358],"tags":[1348,1384,1385,1386,58,59,1011,27,49532,11274],"class_list":{"0":"post-491818","1":"post","2":"type-post","3":"status-publish","4":"format-standard","5":"has-post-thumbnail","7":"category-arts-et-design","8":"tag-arts","9":"tag-arts-and-design","10":"tag-arts-et-design","11":"tag-design","12":"tag-divertissement","13":"tag-entertainment","14":"tag-fr","15":"tag-france","16":"tag-laurence-des-cars","17":"tag-louvre"},"share_on_mastodon":{"url":"https:\/\/pubeurope.com\/@fr\/115442335271720673","error":""},"_links":{"self":[{"href":"https:\/\/www.europesays.com\/fr\/wp-json\/wp\/v2\/posts\/491818","targetHints":{"allow":["GET"]}}],"collection":[{"href":"https:\/\/www.europesays.com\/fr\/wp-json\/wp\/v2\/posts"}],"about":[{"href":"https:\/\/www.europesays.com\/fr\/wp-json\/wp\/v2\/types\/post"}],"author":[{"embeddable":true,"href":"https:\/\/www.europesays.com\/fr\/wp-json\/wp\/v2\/users\/2"}],"replies":[{"embeddable":true,"href":"https:\/\/www.europesays.com\/fr\/wp-json\/wp\/v2\/comments?post=491818"}],"version-history":[{"count":0,"href":"https:\/\/www.europesays.com\/fr\/wp-json\/wp\/v2\/posts\/491818\/revisions"}],"wp:featuredmedia":[{"embeddable":true,"href":"https:\/\/www.europesays.com\/fr\/wp-json\/wp\/v2\/media\/491819"}],"wp:attachment":[{"href":"https:\/\/www.europesays.com\/fr\/wp-json\/wp\/v2\/media?parent=491818"}],"wp:term":[{"taxonomy":"category","embeddable":true,"href":"https:\/\/www.europesays.com\/fr\/wp-json\/wp\/v2\/categories?post=491818"},{"taxonomy":"post_tag","embeddable":true,"href":"https:\/\/www.europesays.com\/fr\/wp-json\/wp\/v2\/tags?post=491818"}],"curies":[{"name":"wp","href":"https:\/\/api.w.org\/{rel}","templated":true}]}}