{"id":491830,"date":"2025-10-26T20:29:12","date_gmt":"2025-10-26T20:29:12","guid":{"rendered":"https:\/\/www.europesays.com\/fr\/491830\/"},"modified":"2025-10-26T20:29:12","modified_gmt":"2025-10-26T20:29:12","slug":"jessica-thivenin-quittee-par-thibault-garcia-jazz-sen-mele-et-elle-na-pas-pardonne-un-geste-de-son-ancienne-amie","status":"publish","type":"post","link":"https:\/\/www.europesays.com\/fr\/491830\/","title":{"rendered":"Jessica Thivenin quitt\u00e9e par Thibault Garcia : Jazz s\u2019en m\u00eale et elle n\u2019a pas pardonn\u00e9 un geste de son ancienne amie"},"content":{"rendered":"<p>Le 23 octobre dernier, <a href=\"https:\/\/www.closermag.fr\/tv_tele_realite\/jessica-thivenin-divorcee-il-ne-maime-plus-les-revelations-choc-derriere-sa-rupture-avec-thibault-garcia-3588927\" target=\"_blank\" rel=\"noopener\"><br \/>\nJessica Thivenin<\/a> avait fait une terrible annonce. La candidate<br \/>\ndes <strong>Marseillais<\/strong> avait annonc\u00e9 sa<br \/>\ns\u00e9paration avec <strong>Thibault Garcia<\/strong>. Rappelons que le<br \/>\ncouple avait \u00e9lu domicile \u00e0 Duba\u00ef avec leurs enfants, <a href=\"https:\/\/www.closermag.fr\/people\/les-enfants-etaient-trop-jessica-thivenin-et-thibault-garcia-divorces-la-reaction-de-leurs-enfants-devoilee-3589279\" target=\"_blank\" rel=\"noopener\"><br \/>\nMaylone et Leewane<\/a>. Selon l\u2019influenceuse de 35 ans, ce serait<br \/>\nl\u2019influenceur de 34 ans qui serait parti.<\/p>\n<p>\u00ab\u00a0Il m\u2019a quitt\u00e9e juste parce qu\u2019<a href=\"https:\/\/www.closermag.fr\/tv_tele_realite\/il-ma-quitte-parce-que-jessica-thivenin-fond-en-larmes-et-devoile-les-raisons-de-sa-rupture-avec-thibault-garcia-3589269\" target=\"_blank\" rel=\"noopener\">il<br \/>\nne m\u2019aime plus<\/a>\u00ab\u00a0, avait-elle annonc\u00e9 avec \u00e9motion. \u00ab\u00a0Et<br \/>\nje ne peux pas lui en vouloir parce que je ne peux pas<br \/>\n<strong>le forcer \u00e0 \u00eatre avec moi<\/strong>. Quand tu<br \/>\nn\u2019aimes plus une personne, tu ne l\u2019aimes plus, \u00e7a sert \u00e0 rien de<br \/>\nforcer. Quand il n\u2019y a plus d\u2019amour, \u00e7a ne sert \u00e0 rien. Je ne peux<br \/>\npas <strong>mendier l\u2019amour<\/strong>\u00ab\u00a0, a ajout\u00e9 celle<br \/>\nqui a <a href=\"https:\/\/www.closermag.fr\/people\/il-faut-absolument-que-je-grossisse-apres-sa-rupture-jessica-thivenin-devoile-son-impressionnante-perte-de-poids-3589398\" target=\"_blank\" rel=\"noopener\"><br \/>\nperdu \u00e9norm\u00e9ment de poids<\/a> \u00e0 cause de cette histoire.<\/p>\n<p>Jessica Thivenin s\u00e9par\u00e9e de Thibault Garcia : \u00ab\u00a0Je vais me<br \/>\nreconstruire\u00a0\u00bb<\/p>\n<p>Malgr\u00e9 ce coup dur, <strong>Jessica Thivenin<\/strong> peut<br \/>\ncompter sur ses proches ainsi que sa communaut\u00e9. En plus, elle<br \/>\nre\u00e7oit de l\u2019aide de psychologues ainsi que de \u00ab\u00a0coachs de<br \/>\nvie\u00a0\u00bb, selon ses dires. Malgr\u00e9 tout, la m\u00e8re de famille avoue<br \/>\navoir du mal \u00e0 rester debout. \u00ab\u00a0En une semaine il m\u2019a quitt\u00e9e,<br \/>\nil a <strong>mis les maisons en vente<\/strong>,<br \/>\nil a trouv\u00e9 <a href=\"https:\/\/www.closermag.fr\/people\/maisons-en-vente-depart-precipite-jessica-thivenin-devoile-les-10-jours-qui-ont-change-sa-vie-avec-thibault-garcia-3589273\" target=\"_blank\" rel=\"noopener\"><br \/>\nune maison pour lui<\/a>. Il n\u2019habite plus avec moi, il<br \/>\nest parti\u00a0\u00bb, confiait-elle le c\u0153ur lourd.<\/p>\n<blockquote class=\"instagram-media\" style=\"background: #ffffff;border: 0;margin: 1px;width: 100%;padding: 0;max-width: 500px;\" data-instgrm-permalink=\"https:\/\/www.instagram.com\/p\/DKFSR0ZtcLP\/?utm_source=ig_web_copy_link&amp;igsh=MzRlODBiNWFlZA==\" data-instgrm-version=\"14\"\/>\n<p>Malgr\u00e9 tout, elle essaie d\u2019aller vers l\u2019avant : \u00ab\u00a0Je ne vais<br \/>\npas dispara\u00eetre des r\u00e9seaux sociaux, je vais <strong>me<br \/>\nreconstruire<\/strong> (&#8230;). Je sais pas du tout par quoi<br \/>\ncommencer\u00a0\u00bb. Dans son message, elle a affirm\u00e9 qu\u2019elle allait<br \/>\ntrouver une maison pour ne pas \u00ab\u00a0garder des choses qui nous<br \/>\nrappellent tous nos souvenirs\u00a0\u00bb.<\/p>\n<p>Jessica Thivenin s\u00e9par\u00e9e de Thibault<br \/>\nGarcia : Jazz Correia s\u2019en m\u00eale !<\/p>\n<p>Ce dimanche 26 octobre, <strong>Jazz Correia<\/strong> a \u00e9t\u00e9<br \/>\ninterrog\u00e9e par ses abonn\u00e9s sur la situation de <strong>Jessica<br \/>\nThivenin<\/strong> et <a href=\"https:\/\/www.telestar.fr\/people\/jai-cru-que-javais-perdu-la-perle-rare-jessica-thivenin-pas-tendre-avec-thibault-garcia-apres-leur-rupture-1743057\" target=\"_blank\" rel=\"noopener\"><br \/>\nThibault Garcia<\/a>. A la question : \u00ab\u00a0As-tu \u00e9cris \u00e0 Jessica<br \/>\ndepuis sa s\u00e9paration ?\u00a0\u00bb, la maman de quatre enfants a r\u00e9pondu<br \/>\n: \u00ab\u00a0<strong>Sinc\u00e8rement non<\/strong>, mais j&rsquo;y ai<br \/>\npens\u00e9. Et je pense que mon for int\u00e9rieur l&rsquo;aurait fait parce que je<br \/>\ncomprends chacun de ces mots parce que je suis<br \/>\n<strong>pass\u00e9e par l\u00e0<\/strong>\u00ab\u00a0.<\/p>\n<blockquote class=\"instagram-media\" style=\"background: #ffffff;border: 0;margin: 1px;width: 100%;padding: 0;max-width: 500px;\" data-instgrm-permalink=\"https:\/\/www.instagram.com\/p\/DNoHHqOtaHK\/?utm_source=ig_web_copy_link&amp;igsh=MzRlODBiNWFlZA==\" data-instgrm-version=\"14\"\/>\n<p>Alors pourquoi n\u2019a-t-elle pas envoy\u00e9 ce fameux message ? \u00ab\u00a0Le<br \/>\ntruc, c&rsquo;est que cet \u00e9t\u00e9 Jessie et Thibault m&rsquo;ont<br \/>\n<strong>fait un truc pas tr\u00e8s cool<\/strong>. En fait,<br \/>\nils ne sont jamais pass\u00e9s au-dessus de nos histoires de gamineries,<br \/>\nqu&rsquo;on avait tous il y a 25 ans en arri\u00e8re je crois\u00a0\u00bb, a-t-elle<br \/>\nexpliqu\u00e9 en ajoutant : \u00ab\u00a0Donc non, <strong>je ne lui ai<br \/>\npas \u00e9crit<\/strong>, mais le c\u0153ur y \u00e9tait\u00a0\u00bb.<\/p>\n<p><script async src=\"\/\/www.instagram.com\/embed.js\"><\/script><\/p>\n","protected":false},"excerpt":{"rendered":"Le 23 octobre dernier, Jessica Thivenin avait fait une terrible annonce. La candidate des Marseillais avait annonc\u00e9 sa&hellip;\n","protected":false},"author":2,"featured_media":491831,"comment_status":"","ping_status":"","sticky":false,"template":"","format":"standard","meta":{"footnotes":""},"categories":[8],"tags":[58,59,1011,27,60801],"class_list":{"0":"post-491830","1":"post","2":"type-post","3":"status-publish","4":"format-standard","5":"has-post-thumbnail","7":"category-divertissement","8":"tag-divertissement","9":"tag-entertainment","10":"tag-fr","11":"tag-france","12":"tag-jessica-thivenin"},"share_on_mastodon":{"url":"https:\/\/pubeurope.com\/@fr\/115442362966140214","error":""},"_links":{"self":[{"href":"https:\/\/www.europesays.com\/fr\/wp-json\/wp\/v2\/posts\/491830","targetHints":{"allow":["GET"]}}],"collection":[{"href":"https:\/\/www.europesays.com\/fr\/wp-json\/wp\/v2\/posts"}],"about":[{"href":"https:\/\/www.europesays.com\/fr\/wp-json\/wp\/v2\/types\/post"}],"author":[{"embeddable":true,"href":"https:\/\/www.europesays.com\/fr\/wp-json\/wp\/v2\/users\/2"}],"replies":[{"embeddable":true,"href":"https:\/\/www.europesays.com\/fr\/wp-json\/wp\/v2\/comments?post=491830"}],"version-history":[{"count":0,"href":"https:\/\/www.europesays.com\/fr\/wp-json\/wp\/v2\/posts\/491830\/revisions"}],"wp:featuredmedia":[{"embeddable":true,"href":"https:\/\/www.europesays.com\/fr\/wp-json\/wp\/v2\/media\/491831"}],"wp:attachment":[{"href":"https:\/\/www.europesays.com\/fr\/wp-json\/wp\/v2\/media?parent=491830"}],"wp:term":[{"taxonomy":"category","embeddable":true,"href":"https:\/\/www.europesays.com\/fr\/wp-json\/wp\/v2\/categories?post=491830"},{"taxonomy":"post_tag","embeddable":true,"href":"https:\/\/www.europesays.com\/fr\/wp-json\/wp\/v2\/tags?post=491830"}],"curies":[{"name":"wp","href":"https:\/\/api.w.org\/{rel}","templated":true}]}}