{"id":491842,"date":"2025-10-26T20:35:16","date_gmt":"2025-10-26T20:35:16","guid":{"rendered":"https:\/\/www.europesays.com\/fr\/491842\/"},"modified":"2025-10-26T20:35:16","modified_gmt":"2025-10-26T20:35:16","slug":"110-joueurs-se-sont-affrontes-en-2025","status":"publish","type":"post","link":"https:\/\/www.europesays.com\/fr\/491842\/","title":{"rendered":"\u00ab 110 joueurs se sont affront\u00e9s en 2025 \u00bb"},"content":{"rendered":"<p>En l\u2019absence du pr\u00e9sident, Alain Celle, nous avons rencontr\u00e9 Andr\u00e9 Provera, secr\u00e9taire, qui nous explique le fonctionnement de l\u2019association.<\/p>\n<blockquote class=\"question\"><p>Quelles sont les soci\u00e9t\u00e9s qui font partie de l\u2019entente bouliste\u00a0?<\/p><\/blockquote>\n<p>\u00ab\u00a0Elle regroupe la quasi-totalit\u00e9 des associations rouchonnes qui ont une section p\u00e9tanque, l\u2019Amicale La\u00efque de Roche, l\u2019amicale la\u00efque de la Cote Durieux, la Fraternelle, la Sarbacane, la Joyeuse p\u00e9tanque de la Varenne,&#8230;<\/p>\n","protected":false},"excerpt":{"rendered":"En l\u2019absence du pr\u00e9sident, Alain Celle, nous avons rencontr\u00e9 Andr\u00e9 Provera, secr\u00e9taire, qui nous explique le fonctionnement de&hellip;\n","protected":false},"author":2,"featured_media":491843,"comment_status":"","ping_status":"","sticky":false,"template":"","format":"standard","meta":{"footnotes":""},"categories":[9653],"tags":[1111,11,2430,7539,1777,674,1011,27,12,25,12490,12491,4001,104,1631],"class_list":{"0":"post-491842","1":"post","2":"type-post","3":"status-publish","4":"format-standard","5":"has-post-thumbnail","7":"category-saint-etienne","8":"tag-actu","9":"tag-actualites","10":"tag-auvergne-rhone-alpes","11":"tag-edition-loire-sud","12":"tag-eu","13":"tag-europe","14":"tag-fr","15":"tag-france","16":"tag-news","17":"tag-republique-francaise","18":"tag-roche-la-moliere","19":"tag-roche-la-moliere-bassin","20":"tag-saint-etienne","21":"tag-societe","22":"tag-vie-associative"},"share_on_mastodon":{"url":"https:\/\/pubeurope.com\/@fr\/115442386596463590","error":""},"_links":{"self":[{"href":"https:\/\/www.europesays.com\/fr\/wp-json\/wp\/v2\/posts\/491842","targetHints":{"allow":["GET"]}}],"collection":[{"href":"https:\/\/www.europesays.com\/fr\/wp-json\/wp\/v2\/posts"}],"about":[{"href":"https:\/\/www.europesays.com\/fr\/wp-json\/wp\/v2\/types\/post"}],"author":[{"embeddable":true,"href":"https:\/\/www.europesays.com\/fr\/wp-json\/wp\/v2\/users\/2"}],"replies":[{"embeddable":true,"href":"https:\/\/www.europesays.com\/fr\/wp-json\/wp\/v2\/comments?post=491842"}],"version-history":[{"count":0,"href":"https:\/\/www.europesays.com\/fr\/wp-json\/wp\/v2\/posts\/491842\/revisions"}],"wp:featuredmedia":[{"embeddable":true,"href":"https:\/\/www.europesays.com\/fr\/wp-json\/wp\/v2\/media\/491843"}],"wp:attachment":[{"href":"https:\/\/www.europesays.com\/fr\/wp-json\/wp\/v2\/media?parent=491842"}],"wp:term":[{"taxonomy":"category","embeddable":true,"href":"https:\/\/www.europesays.com\/fr\/wp-json\/wp\/v2\/categories?post=491842"},{"taxonomy":"post_tag","embeddable":true,"href":"https:\/\/www.europesays.com\/fr\/wp-json\/wp\/v2\/tags?post=491842"}],"curies":[{"name":"wp","href":"https:\/\/api.w.org\/{rel}","templated":true}]}}