{"id":491848,"date":"2025-10-26T20:39:29","date_gmt":"2025-10-26T20:39:29","guid":{"rendered":"https:\/\/www.europesays.com\/fr\/491848\/"},"modified":"2025-10-26T20:39:29","modified_gmt":"2025-10-26T20:39:29","slug":"pablo-correa-nancy-montpellier-navait-pas-besoin-daide-on-les-a-mis-dans-une-certaine-facilite","status":"publish","type":"post","link":"https:\/\/www.europesays.com\/fr\/491848\/","title":{"rendered":"Pablo Correa (Nancy) : \u201cMontpellier n\u2019avait pas besoin d\u2019aide, on les a mis dans une certaine facilit\u00e9\u201d"},"content":{"rendered":"<p>Pablo Correa, en conf\u00e9rence de presse d\u2019apr\u00e8s-match, a soulign\u00e9 que m\u00eame en inf\u00e9riorit\u00e9 num\u00e9rique, son \u00e9quipe ne devait pas devenir vuln\u00e9rable de cette mani\u00e8re. Il souhaite se focaliser sur le match de mardi qui selon lui, devient d\u00e9j\u00e0 important pour l\u2019AS Nancy Lorraine.<\/p>\n<p>\u00ab C\u2019est un mauvais sc\u00e9nario. Il y a deux matchs, jusqu\u2019\u00e0 l\u2019expulsion. Prendre un but en toute fin de premi\u00e8re mi-temps et un autre en d\u00e9but de deuxi\u00e8me mi-temps, cela conditionne le r\u00e9sultat forc\u00e9ment. Mon \u00e9quipe n\u2019a ni l\u2019exp\u00e9rience ni la ma\u00eetrise de cet \u00e9v\u00e9nement. Ce n\u2019est pas parce qu\u2019on est \u00e0 dix que l\u2019on doit \u00eatre aussi vuln\u00e9rable. Il nous a manqu\u00e9 de la rigueur dans notre surface. <\/p>\n<p>Les deux premiers buts viennent de ballons que l\u2019on n\u2019arrive pas \u00e0 renvoyer. Il faut tourner la page. Nous avons des regrets. Les trois premiers buts viennent de corners, ils sont jou\u00e9s vite. Il y a un manque d\u2019attention. En plus, quand vous \u00eates \u00e0 dix, sur corner il n\u2019y a pas d\u2019inf\u00e9riorit\u00e9 num\u00e9rique. Cela veut dire qu\u2019il va falloir montrer autre chose d\u00e8s mardi. C\u2019est un match qui devient important. (\u2026) Le score est lourd car on a recul\u00e9. Le score ne me d\u00e9range pas dans l\u2019absolu, c\u2019est l\u2019histoire d\u2019une soir\u00e9e et il ne faut pas que cela tape dans le moral car d\u00e8s mardi, ce sera une autre histoire, une soir\u00e9e diff\u00e9rente. <\/p>\n<p>On a commenc\u00e9 le match comme on voulait jouer, sans complexes. Il faut durer ainsi avec des bonnes d\u00e9cisions, de bonnes interventions pour ne pas se mettre en difficult\u00e9s. <a href=\"https:\/\/onefootball.com\/it\/squadra\/montpellier-260\" rel=\"nofollow noopener\" target=\"_blank\">Montpellier<\/a> n\u2019avait pas besoin de notre aide. C\u2019est une bonne \u00e9quipe de notre championnat. On les a mis dans une certaine facilit\u00e9. \u00bb<\/p>\n<p>Source Facebook Ici Lorraine <\/p>\n","protected":false},"excerpt":{"rendered":"Pablo Correa, en conf\u00e9rence de presse d\u2019apr\u00e8s-match, a soulign\u00e9 que m\u00eame en inf\u00e9riorit\u00e9 num\u00e9rique, son \u00e9quipe ne devait&hellip;\n","protected":false},"author":2,"featured_media":491849,"comment_status":"","ping_status":"","sticky":false,"template":"","format":"standard","meta":{"footnotes":""},"categories":[9635],"tags":[1111,11,1777,674,1011,27,775,1702,12,25],"class_list":{"0":"post-491848","1":"post","2":"type-post","3":"status-publish","4":"format-standard","5":"has-post-thumbnail","7":"category-nancy","8":"tag-actu","9":"tag-actualites","10":"tag-eu","11":"tag-europe","12":"tag-fr","13":"tag-france","14":"tag-grand-est","15":"tag-nancy","16":"tag-news","17":"tag-republique-francaise"},"share_on_mastodon":{"url":"https:\/\/pubeurope.com\/@fr\/115442402127278383","error":""},"_links":{"self":[{"href":"https:\/\/www.europesays.com\/fr\/wp-json\/wp\/v2\/posts\/491848","targetHints":{"allow":["GET"]}}],"collection":[{"href":"https:\/\/www.europesays.com\/fr\/wp-json\/wp\/v2\/posts"}],"about":[{"href":"https:\/\/www.europesays.com\/fr\/wp-json\/wp\/v2\/types\/post"}],"author":[{"embeddable":true,"href":"https:\/\/www.europesays.com\/fr\/wp-json\/wp\/v2\/users\/2"}],"replies":[{"embeddable":true,"href":"https:\/\/www.europesays.com\/fr\/wp-json\/wp\/v2\/comments?post=491848"}],"version-history":[{"count":0,"href":"https:\/\/www.europesays.com\/fr\/wp-json\/wp\/v2\/posts\/491848\/revisions"}],"wp:featuredmedia":[{"embeddable":true,"href":"https:\/\/www.europesays.com\/fr\/wp-json\/wp\/v2\/media\/491849"}],"wp:attachment":[{"href":"https:\/\/www.europesays.com\/fr\/wp-json\/wp\/v2\/media?parent=491848"}],"wp:term":[{"taxonomy":"category","embeddable":true,"href":"https:\/\/www.europesays.com\/fr\/wp-json\/wp\/v2\/categories?post=491848"},{"taxonomy":"post_tag","embeddable":true,"href":"https:\/\/www.europesays.com\/fr\/wp-json\/wp\/v2\/tags?post=491848"}],"curies":[{"name":"wp","href":"https:\/\/api.w.org\/{rel}","templated":true}]}}