{"id":491852,"date":"2025-10-26T20:42:13","date_gmt":"2025-10-26T20:42:13","guid":{"rendered":"https:\/\/www.europesays.com\/fr\/491852\/"},"modified":"2025-10-26T20:42:13","modified_gmt":"2025-10-26T20:42:13","slug":"cause-commune-creuse-son-sillon-dans-la-gauche-de-rupture","status":"publish","type":"post","link":"https:\/\/www.europesays.com\/fr\/491852\/","title":{"rendered":"Cause Commune creuse son sillon dans la gauche de rupture"},"content":{"rendered":"<p>            Par<br \/>\n        <strong><br \/>\n            <a href=\"https:\/\/actu.fr\/auteur\/c-nithard\" title=\"Consulter tous les articles de C\u00e9dric Nithard\" rel=\"nofollow noopener\" target=\"_blank\">C\u00e9dric Nithard<\/a><br \/>\n        <\/strong><\/p>\n<p>        Publi\u00e9 le<\/p>\n<p>            26 oct. 2025 \u00e0 10h35        <\/p>\n<p>\u00c0 <strong>Montpellier<\/strong>, le mouvement citoyen <strong>Cause Commune<\/strong> avance progressivement dans <strong>la campagne des municipales<\/strong> avec l\u2019intention de ne pas br\u00fbler les \u00e9tapes. Car, au-del\u00e0 de cette \u00e9ch\u00e9ance, avec l\u2019exp\u00e9rience de Nous Sommes en t\u00eate, ses membres comptent bien s\u2019inscrire dans la dur\u00e9e. Mais, pour cela, il faudra convaincre dans un couloir d\u2019<strong>une gauche de rupture<\/strong> d\u00e9j\u00e0 occup\u00e9 par <strong>La France Insoumise<\/strong> et <strong>le Printemps Montpelli\u00e9rain<\/strong>. Apr\u00e8s avoir pr\u00e9sent\u00e9 quatre porte-paroles et sept premi\u00e8res propositions, Cause Commune lan\u00e7ait ce mercredi 22 octobre <strong>ses enqu\u00eates habitantes<\/strong>. Avec justement l\u2019id\u00e9e de convaincre par la m\u00e9thode.<\/p>\n<p>Les bases du mouvement<\/p>\n<p class=\" wall-content\">Ils \u00e9taient une cinquantaine ce mercredi soir au Broc Caf\u00e9 \u00e0 participer \u00e0 l\u2019organisation des enqu\u00eates habitantes lanc\u00e9es par Cause Commune. Des consultations th\u00e9matiques men\u00e9es aupr\u00e8s d\u2019experts, associations, riverains\u2026 d\u00e9montrant un travail collectif destin\u00e9 \u00e0 construire un programme. L\u2019id\u00e9e de la soir\u00e9e \u00e9tant \u00e9galement d\u2019accueillir de nouveaux membres Ana\u00efs rappelle les bases du mouvement qui \u00ab\u00a0cherche \u00e0 replacer les d\u00e9cisions politiques dans les mains des citoyennes et des citoyens\u00a0\u00bb.<\/p>\n<p class=\" wall-content\">Compos\u00e9 d\u2019une centaine de militants, la jeune femme les d\u00e9crit comme \u00ab\u00a0des habitants de tous les milieux sociaux, de tous les quartiers. Ce sont des militants associatifs qui en ont marre de qu\u00e9mander pour avoir de l\u2019argent et de l\u2019attention ; ce sont beaucoup de personnes choqu\u00e9es par les propos de Micha\u00ebl Delafosse sur le g\u00e9nocide en cours \u00e0 Gaza ; ce sont des gens qui ont peur de la mont\u00e9e du RN, qui se sont investis dans la campagne du NFP et qui ne veulent pas d\u2019un maire qui reprend tout le temps la rh\u00e9torique de l\u2019extr\u00eame droite ; ce sont des personnes qui sont proches des partis politiques LFI et EELV mais qui sont effar\u00e9es par leurs pratiques et qui ont peur que les jeux de logos et d\u2019\u00e9gos finissent par sabrer l\u2019union pour ces municipales ; ce sont des gens qui ont peur que Montpellier se fragilise et ne soit plus demain une ville d\u2019accueil et de solidarit\u00e9 et, surtout, des gens qui pensent que si on ne fait pas de d\u00e9mocratie \u00e0 l\u2019\u00e9chelle local, o\u00f9 en ferons-nous ?\u00a0\u00bb. En r\u00e9sum\u00e9 : potentiellement toute personne de gauche qui n\u2019est pas socialiste et s\u2019accommode volontiers de quelques inexactitudes pour attaquer le maire. C\u2019est la politique\u2026 et c\u2019est la gauche.<\/p>\n<p>Un calendrier qui n\u2019emp\u00eache pas les discussions<\/p>\n<p class=\" wall-content\">N\u00e9 sur les cendres de Nous Sommes pour en \u00e9viter les travers, Cause Commune se construit pas \u00e0 pas. Et ces enqu\u00eates citoyennes en sont une nouvelle \u00e9tape. \u00ab\u00a0Nous voulons avoir un programme de rupture qui change concr\u00e8tement les choses pour les gens et propose une ville qui r\u00e9ponde aux d\u00e9fis de notre si\u00e8cle\u00a0\u00bb explique Ana\u00efs \u00e0 l\u2019assistance qui pour beaucoup, majoritairement entre 20 et 30 ans, participent pour la premi\u00e8re fois \u00e0 une d\u00e9marche politique. Si des propositions ont d\u00e9j\u00e0 \u00e9t\u00e9 avanc\u00e9es et que le collectif ne manque pas d\u2019id\u00e9es, l\u2019objectif de ces enqu\u00eates habitantes est d&rsquo;\u00a0\u00bballer regarder les probl\u00e8mes de Montpellier en face est d\u2019\u00e9couter les dol\u00e9ances des citoyennes et citoyens\u00a0\u00bb. Une expertise du quotidien qui permettra ainsi de \u00ab\u00a0bonifier les propositions\u00a0\u00bb.<\/p>\n<p class=\" wall-content\">Le mouvement a identifi\u00e9 plusieurs th\u00e9matiques (les transports en commun, la pr\u00e9carit\u00e9 des jeunes, la sant\u00e9, la drogue (plus particuli\u00e8rement \u00e0 Figuerolles et Gambetta), la ZAC Sud Mosson) port\u00e9es par des groupes charg\u00e9s de mener les enqu\u00eates et synth\u00e9tiser les r\u00e9sultats. Certaines ont d\u00e9j\u00e0 d\u00e9but\u00e9 et se poursuivront jusqu\u2019en janvier. Un calendrier qui peut interroger ou \u00e9clairer quand on regarde le d\u00e9roulement de la campagne. \u00ab\u00a0De construire notre programme ce n\u2019est pas antinomique et cela n\u2019hypoth\u00e8que pas les discussions. Qu\u2019importe le cadre, l\u2019important c\u2019est que l\u2019on avance et que l\u2019on sache sur quelle ligne politique on avance qui est une ligne gauche de rupture avec Micha\u00ebl Delafosse. \u00c7a c\u2019est limpide\u00a0\u00bb explique Marc Nougier, l\u2019un des quatre porte-paroles de Cause Commune.<\/p>\n<p>Vid\u00e9os : en ce moment sur Actu\u00ab\u00a0D\u00e9j\u00e0 dans une forme d\u2019insoumission\u00a0\u00bb<\/p>\n<p class=\" wall-content\">Une limpidit\u00e9 partag\u00e9e par La France Insoumise et <a href=\"https:\/\/actu.fr\/occitanie\/montpellier_34172\/municipales-l-assemblee-des-quartiers-populaires-marche-avec-le-printemps-republicain_63315127.html\" rel=\"nofollow noopener\" target=\"_blank\">le Printemps Montpelli\u00e9rain<\/a> qui, avec respectivement <a href=\"https:\/\/actu.fr\/occitanie\/montpellier_34172\/municipales-la-deputee-nathalie-oziol-tete-de-liste-lfi-a-montpellier_63241745.html\" rel=\"nofollow noopener\" target=\"_blank\">les d\u00e9put\u00e9s Nathalie Oziol<\/a> et <a href=\"https:\/\/actu.fr\/occitanie\/montpellier_34172\/municipales-jean-louis-roumegas-designe-tete-de-liste-du-printemps-montpellierain_63328044.html\" rel=\"nofollow noopener\" target=\"_blank\">Jean-Louis Roum\u00e9gas<\/a>, ont d\u00e9sign\u00e9 leur t\u00eate de liste. Ce qui pourrait \u00eatre interpr\u00e9t\u00e9 comme un signal d\u2019arr\u00eat de toute volont\u00e9 de rassemblement. \u00ab\u00a0Non. Ce n\u2019est pas la seule question qui se pose. D\u2019autant que nous sommes dans un contexte, \u00e0 la fois locale et nationale, tr\u00e8s mouvant\u00a0\u00bb, tranche Marc Nougier. En indiquant que des discussions avec les deux formations ont lieu, il poursuit : \u00ab\u00a0Cela ne nous d\u00e9vie pas de notre priorit\u00e9 et de la mani\u00e8re que nous avons d\u2019appr\u00e9hender la campagne. On commence par avoir des id\u00e9es, \u00e0 construire un programme et savoir o\u00f9 on veut aller pour poser notre socle et un collectif qui soit vraiment fort et capable d\u2019aller rencontrer les habitants car c\u2019est \u00e7a qui fera la diff\u00e9rence\u00a0\u00bb.<\/p>\n<p>Votre r\u00e9gion, votre actu !<\/p>\n<p>Recevez chaque jour les infos qui comptent pour vous.<\/p>\n<p>\t<a href=\"https:\/\/actu.fr\/newsletter\" class=\"ac-btn ac-btn--corner ac-btn--medium ac-btn--blue800\" rel=\"nofollow noopener\" target=\"_blank\">S&rsquo;incrire<\/a><\/p>\n<p class=\" wall-content\">D\u2019autant que <a href=\"https:\/\/actu.fr\/occitanie\/montpellier_34172\/montpellier-prete-a-toutes-les-echeances-nathalie-oziol-lance-la-campagne-municipale-de-lfi_63289257.html\" rel=\"nofollow noopener\" target=\"_blank\">La France Insoumise semble avoir adopt\u00e9 une strat\u00e9gie bas\u00e9e sur la capitalisation de ses r\u00e9sultats aux pr\u00e9c\u00e9dentes \u00e9lections et ses combats nationaux<\/a> pour porter Nathalie Oziol, sans d\u00e9velopper encore d\u2019axe programmatique local ou de r\u00e9elle pr\u00e9sence, hormis sur les r\u00e9seaux sociaux, dans la campagne. Et ce contrairement \u00e0 Cause Commune qui d\u00e9veloppe justement ce travail. \u00ab\u00a0\u00catre dans la gauche de rupture, c\u2019est d\u00e9j\u00e0 \u00eatre dans une forme d\u2019insoumission vis \u00e0 vis de la caste en place\u00a0\u00bb s\u2019amuse Marc Nougier quand Anne Bisson, autre porte-parole, souligne : \u00ab\u00a0On est un mouvement local, municipaliste sans \u00e9chelon national. Nous sommes bien plus radical\u00a0\u00bb.<\/p>\n<p>Une ligne rouge<\/p>\n<p class=\" wall-content\">Quant \u00e0 l\u2019incarnation du mouvement, s\u2019il y a bien s\u00fbr les quatre porte-paroles, l\u2019heure n\u2019est pas encore \u00e0 choisir un ou une t\u00eate de liste. \u00ab\u00a0Il y a un imp\u00e9ratif pour le collectif \u00e0 avoir des visages pour le repr\u00e9senter pour autant la question de la t\u00eate de liste se traite autrement et on a bien d\u00e9fini qu\u2019elle se traitera dans une autre temporalit\u00e9\u00a0\u00bb explique Marc Nougier. Et si Alenka Doulain pourrait logiquement, <a href=\"https:\/\/actu.fr\/occitanie\/montpellier_34172\/municipales-montpellier-alenka-doulain-tete-liste-noussommes-ce-courage-est-possible-nous-navons-rien-gagner_30538709.html\" rel=\"nofollow noopener\" target=\"_blank\">en ayant \u00e9t\u00e9 t\u00eate de liste de Nous Sommes<\/a> et conseill\u00e8re municipale d\u2019opposition la plus en vue du mandat, \u00eatre cette incarnation, le porte-parole, en ayant fait justement partie de l\u2019aventure Nous Sommes, analyse : \u00ab\u00a0Nous sommes dans une autre m\u00e9thode. Cette fois, on a fait le choix de partir par l\u2019angle programmatique et de creuser ce sillon. Avant de se poser la question de qui va le porter, nous finissons de construire le programme\u00a0\u00bb.<\/p>\n<p>    <img   decoding=\"async\" loading=\"lazy\" src=\"https:\/\/www.europesays.com\/fr\/wp-content\/uploads\/2025\/10\/marc-nougier-anne-bisson-cause-commune-montpellier-960x640.jpg\" alt=\"Marc Nougier et Anne Bisson, deux des quatre porte-paroles de Cause Commune.\" width=\"960\" height=\"640\"\/><br \/>\n    Marc Nougier et Anne Bisson, deux des quatre porte-paroles de Cause Commune. (\u00a9CN \/ M\u00e9tropolitain)<\/p>\n<p class=\" wall-content\">Un programme qui sert par ailleurs \u00e0 \u00ab\u00a0poser un socle de valeurs qui d\u00e9finissent ce que l\u2019on attend\u00a0\u00bb duquel va \u00ab\u00a0d\u00e9couler toutes les discussions y compris les lignes rouges. Des lignes rouges que nous aurons l\u2019occasion de travailler collectivement\u00a0\u00bb. Bien \u00e9videmment, le CSR est un de ces lignes rouges, si ce n\u2019est la seule sur le plan programmatique. L\u2019Insoumise Nathalie Oziol semble d\u00e9fendre le projet par fid\u00e9lit\u00e9 \u00e0 <a href=\"https:\/\/actu.fr\/occitanie\/montpellier_34172\/metropole-de-montpellier-acte-iv-apres-l-eau-rene-revol-s-attaque-a-la-gestion-des-dechets-et-au-csr_60903099.html\" rel=\"nofollow noopener\" target=\"_blank\">Ren\u00e9 Revol qui le conduit \u00e0 la M\u00e9tropole<\/a> tandis que <a href=\"https:\/\/actu.fr\/occitanie\/montpellier_34172\/montpellier-les-ecologistes-affichent-le-csr-et-leurs-craintes_62771260.html\" rel=\"nofollow noopener\" target=\"_blank\">l\u2019\u00c9cologiste Jean-Louis Roum\u00e9gas s\u2019y oppose totalement<\/a> quand, pour Cause Commune, Marc Nougier appuie : \u00ab\u00a0C\u2019est un vrai probl\u00e8me. La question du CSR est profonde et clivante. On sait bien qu\u2019elle va animer cette campagne. Nous sommes contre ce nouvel \u00e9quipement d\u2019autant qu\u2019un sujet qui engage sur une telle dur\u00e9e, avec de tels montants, sans qu\u2019il y ait eu un vrai d\u00e9bat, c\u2019est un probl\u00e8me immense\u00a0\u00bb.<\/p>\n<p>Des voisins pr\u00eats \u00e0 faire du bruit<\/p>\n<p class=\" wall-content\">Une question \u00e0 laquelle devront r\u00e9pondre les trois composantes de cette gauche de rupture s\u2019ils ont le r\u00e9el d\u00e9sir de se rassembler avant le premier tour. Sinon, aux autres de se ranger derri\u00e8re celui qui, si un y arrive, parviendra \u00e0 se hisser au second. Dans un autre contexte et configuration, <a href=\"https:\/\/actu.fr\/occitanie\/montpellier_34172\/municipales-montpellier-une-triangulaire-entre-saurel-delafosse-altrad-second-tour_32282324.html\" rel=\"nofollow noopener\" target=\"_blank\">Nous Sommes n\u2019\u00e9tait pas pass\u00e9 loin en 2020<\/a> avant de mettre un voile sur ses valeurs pour compter des \u00e9lus et continuer \u00e0 porter les combats. Une forme de suicide collectif politique que ne veut certainement pas voir se reproduire Anne Bisson. \u00ab\u00a0L\u2019objectif du mouvement Cause Commune n\u2019est pas uniquement d\u2019aller aux municipales mais de s\u2019ancrer dans la dur\u00e9e et d\u2019\u00eatre l\u00e0 pour les Montpelli\u00e9rains. Les municipales se sont les prochaines \u00e9ch\u00e9ances mais quoi qu\u2019il se passe, quoi qu\u2019il arrive nous resterons l\u00e0. Un programme se construit dans la dur\u00e9e. 2026, c\u2019est juste une \u00e9ch\u00e9ance\u00a0\u00bb.<\/p>\n<p class=\" wall-content\">D\u2019autant que Cause Commune ne serait pas d\u00e9chir\u00e9 entre les Insoumis et les \u00c9cologistes tel un enfant avec ses parents divorc\u00e9s. \u00ab\u00a0Peut-\u00eatre que certains se sentent plus proches des uns ou des autres mais ce n\u2019est pas le cas du mouvement\u00a0\u00bb observe Anne Bisson qui pr\u00e9cise : \u00ab\u00a0\u00c0 titre personnelle pas du tout. Je ne suis pas encart\u00e9e. Je suis tellement d\u00e9gout\u00e9e par le fonctionnement des partis politiques que je suis ravie de pouvoir participer \u00e0 autre chose et construire autrement\u00a0\u00bb. Avec une ironie joyeusement provocante, Marc Nougier pr\u00e9vient : \u00ab\u00a0Nous ne sommes pas dans la logique de papa et maman, nous sommes plut\u00f4t les nouveaux voisins avec qui il va falloir apprendre \u00e0 s\u2019entendre\u00a0\u00bb. Des voisins pr\u00eats \u00e0 faire du bruit\u2026<\/p>\n<p class=\" wall-content\">Personnalisez votre actualit\u00e9 en ajoutant vos villes et m\u00e9dias en favori avec <a href=\"https:\/\/moncompte.actu.fr\" title=\"D\u00e9couvez Mon Actu\" rel=\"nofollow noopener\" data-trk=\"{&quot;cta&quot;:{&quot;action&quot;:&quot;https:\\\/\\\/moncompte.actu.fr&quot;,&quot;category&quot;:&quot;mon compte&quot;,&quot;from&quot;:&quot;article footer&quot;,&quot;name&quot;:&quot;Mon actu&quot;,&quot;type&quot;:&quot;cta&quot;}}\" target=\"_blank\">Mon Actu<\/a>.<\/p>\n","protected":false},"excerpt":{"rendered":"Par C\u00e9dric Nithard Publi\u00e9 le 26 oct. 2025 \u00e0 10h35 \u00c0 Montpellier, le mouvement citoyen Cause Commune avance&hellip;\n","protected":false},"author":2,"featured_media":491853,"comment_status":"","ping_status":"","sticky":false,"template":"","format":"standard","meta":{"footnotes":""},"categories":[9599],"tags":[1111,11,4188,1777,674,1011,27,2208,12,2680,316,25],"class_list":{"0":"post-491852","1":"post","2":"type-post","3":"status-publish","4":"format-standard","5":"has-post-thumbnail","7":"category-montpellier","8":"tag-actu","9":"tag-actualites","10":"tag-elections-municipales","11":"tag-eu","12":"tag-europe","13":"tag-fr","14":"tag-france","15":"tag-montpellier","16":"tag-news","17":"tag-occitanie","18":"tag-politique","19":"tag-republique-francaise"},"share_on_mastodon":{"url":"https:\/\/pubeurope.com\/@fr\/115442414570045624","error":""},"_links":{"self":[{"href":"https:\/\/www.europesays.com\/fr\/wp-json\/wp\/v2\/posts\/491852","targetHints":{"allow":["GET"]}}],"collection":[{"href":"https:\/\/www.europesays.com\/fr\/wp-json\/wp\/v2\/posts"}],"about":[{"href":"https:\/\/www.europesays.com\/fr\/wp-json\/wp\/v2\/types\/post"}],"author":[{"embeddable":true,"href":"https:\/\/www.europesays.com\/fr\/wp-json\/wp\/v2\/users\/2"}],"replies":[{"embeddable":true,"href":"https:\/\/www.europesays.com\/fr\/wp-json\/wp\/v2\/comments?post=491852"}],"version-history":[{"count":0,"href":"https:\/\/www.europesays.com\/fr\/wp-json\/wp\/v2\/posts\/491852\/revisions"}],"wp:featuredmedia":[{"embeddable":true,"href":"https:\/\/www.europesays.com\/fr\/wp-json\/wp\/v2\/media\/491853"}],"wp:attachment":[{"href":"https:\/\/www.europesays.com\/fr\/wp-json\/wp\/v2\/media?parent=491852"}],"wp:term":[{"taxonomy":"category","embeddable":true,"href":"https:\/\/www.europesays.com\/fr\/wp-json\/wp\/v2\/categories?post=491852"},{"taxonomy":"post_tag","embeddable":true,"href":"https:\/\/www.europesays.com\/fr\/wp-json\/wp\/v2\/tags?post=491852"}],"curies":[{"name":"wp","href":"https:\/\/api.w.org\/{rel}","templated":true}]}}