{"id":491856,"date":"2025-10-26T20:47:23","date_gmt":"2025-10-26T20:47:23","guid":{"rendered":"https:\/\/www.europesays.com\/fr\/491856\/"},"modified":"2025-10-26T20:47:23","modified_gmt":"2025-10-26T20:47:23","slug":"echirolles-jerome-commandeur-le-copain-quon-aimerait-tous-retrouver","status":"publish","type":"post","link":"https:\/\/www.europesays.com\/fr\/491856\/","title":{"rendered":"\u00c9chirolles. J\u00e9r\u00f4me Commandeur, le copain qu\u2019on aimerait tous retrouver"},"content":{"rendered":"<p>Vendredi 24\u00a0octobre, la salle du Path\u00e9 \u00c9chirolles affichait complet pour accueillir J\u00e9r\u00f4me Commandeur, venu pr\u00e9senter en avant-premi\u00e8re son nouveau film T\u2019as pas chang\u00e9 , chaleureusement introduit par le directeur du cin\u00e9ma, St\u00e9phane Fargier. Depuis ses d\u00e9buts d\u2019humoriste, J\u00e9r\u00f4me Commandeur n\u2019a cess\u00e9 de tracer un parcours singulier, m\u00ealant autod\u00e9rision, observation&#8230;<\/p>\n","protected":false},"excerpt":{"rendered":"Vendredi 24\u00a0octobre, la salle du Path\u00e9 \u00c9chirolles affichait complet pour accueillir J\u00e9r\u00f4me Commandeur, venu pr\u00e9senter en avant-premi\u00e8re son&hellip;\n","protected":false},"author":2,"featured_media":491857,"comment_status":"","ping_status":"","sticky":false,"template":"","format":"standard","meta":{"footnotes":""},"categories":[9566],"tags":[1111,11,2430,650,1687,9852,9853,112,1777,674,1011,27,2731,12,25],"class_list":{"0":"post-491856","1":"post","2":"type-post","3":"status-publish","4":"format-standard","5":"has-post-thumbnail","7":"category-grenoble","8":"tag-actu","9":"tag-actualites","10":"tag-auvergne-rhone-alpes","11":"tag-cinema","12":"tag-culture-loisirs","13":"tag-echirolles","14":"tag-echirolles-bassin","15":"tag-edition-grenoble-agglomeration","16":"tag-eu","17":"tag-europe","18":"tag-fr","19":"tag-france","20":"tag-grenoble","21":"tag-news","22":"tag-republique-francaise"},"share_on_mastodon":{"url":"https:\/\/pubeurope.com\/@fr\/115442433734997821","error":""},"_links":{"self":[{"href":"https:\/\/www.europesays.com\/fr\/wp-json\/wp\/v2\/posts\/491856","targetHints":{"allow":["GET"]}}],"collection":[{"href":"https:\/\/www.europesays.com\/fr\/wp-json\/wp\/v2\/posts"}],"about":[{"href":"https:\/\/www.europesays.com\/fr\/wp-json\/wp\/v2\/types\/post"}],"author":[{"embeddable":true,"href":"https:\/\/www.europesays.com\/fr\/wp-json\/wp\/v2\/users\/2"}],"replies":[{"embeddable":true,"href":"https:\/\/www.europesays.com\/fr\/wp-json\/wp\/v2\/comments?post=491856"}],"version-history":[{"count":0,"href":"https:\/\/www.europesays.com\/fr\/wp-json\/wp\/v2\/posts\/491856\/revisions"}],"wp:featuredmedia":[{"embeddable":true,"href":"https:\/\/www.europesays.com\/fr\/wp-json\/wp\/v2\/media\/491857"}],"wp:attachment":[{"href":"https:\/\/www.europesays.com\/fr\/wp-json\/wp\/v2\/media?parent=491856"}],"wp:term":[{"taxonomy":"category","embeddable":true,"href":"https:\/\/www.europesays.com\/fr\/wp-json\/wp\/v2\/categories?post=491856"},{"taxonomy":"post_tag","embeddable":true,"href":"https:\/\/www.europesays.com\/fr\/wp-json\/wp\/v2\/tags?post=491856"}],"curies":[{"name":"wp","href":"https:\/\/api.w.org\/{rel}","templated":true}]}}