{"id":491860,"date":"2025-10-26T20:49:12","date_gmt":"2025-10-26T20:49:12","guid":{"rendered":"https:\/\/www.europesays.com\/fr\/491860\/"},"modified":"2025-10-26T20:49:12","modified_gmt":"2025-10-26T20:49:12","slug":"une-voie-sur-deux-coupee-sur-la-route-dacces-a-rennes-voici-nos-alternatives","status":"publish","type":"post","link":"https:\/\/www.europesays.com\/fr\/491860\/","title":{"rendered":"une voie sur deux coup\u00e9e sur la route d&rsquo;acc\u00e8s \u00e0 Rennes, voici nos alternatives"},"content":{"rendered":"<p>            Par<br \/>\n        <strong><br \/>\n            <a href=\"https:\/\/actu.fr\/auteur\/brian-legoff\" title=\"Consulter tous les articles de Brian Le Goff\" rel=\"nofollow noopener\" target=\"_blank\">Brian Le Goff<\/a><br \/>\n        <\/strong><\/p>\n<p>        Publi\u00e9 le<\/p>\n<p>            26 oct. 2025 \u00e0 19h54        <\/p>\n<p>Cette <strong>semaine<\/strong> s\u2019annonce <strong>tr\u00e8s compliqu\u00e9e<\/strong> pour les <strong>automobilistes<\/strong> circulant sur la <strong>RN24<\/strong> entre Lorient et Rennes, \u00e0 l\u2019entr\u00e9e de la capitale bretonne. En effet, la Dir Ouest a annonc\u00e9 mardi 21\u00a0octobre que des <strong>travaux impr\u00e9vus d\u2019am\u00e9nagement de la future voie r\u00e9serv\u00e9e aux transports en commun<\/strong>, de lundi, 8h, \u00e0 vendredi, 16h, vont avoir un tr\u00e8s fort impact sur la circulation. <a href=\"https:\/\/actu.fr\/bretagne\/rennes_35238\/circulation-a-rennes-ca-va-etre-l-enfer-sur-cet-axe-majeur-la-semaine-prochaine_63331750.html\" rel=\"nofollow noopener\" target=\"_blank\">Dans cet article, nous vous expliquions les raisons de cette annonce de derni\u00e8re minute<\/a>. <strong>De 15 \u00e0 20\u00a0minutes suppl\u00e9mentaires de temps de parcours<\/strong> sont avanc\u00e9s par la Dir Ouest.<\/p>\n<p class=\" wall-content\">\n<p class=\" wall-content\">Pour <strong>vous \u00e9viter d\u2019\u00eatre bloqu\u00e9s longtemps<\/strong> dans des bouchons, <a href=\"https:\/\/actu.fr\/rennes\/\" rel=\"nofollow noopener\" target=\"_blank\">actu Rennes<\/a> vous liste les principales alternatives possibles \u00e0 cette route avec une carte.<\/p>\n<p>    <a href=\"https:\/\/www.google.com\/maps\/d\/embed?mid=1YO7edMFAQd1LzFcLuju05wg9Zo2NhdY&amp;ehbc=2E312F\" title=\"Ouvrie le lien\" rel=\"nofollow noopener\" target=\"_blank\">Cliquez ici pour visualiser le contenu<\/a><\/p>\n<p>Par le nord<\/p>\n<p class=\" wall-content\">Sortez \u00e0 l\u2019\u00e9changeur, au niveau de la commune du Rheu, puis prenez la direction du centre-ville. Plusieurs possibilit\u00e9s ensuite\u2009:<\/p>\n<ul class=\" wall-content\">\n<li>prenez la D288 vers Vezin-Le-Coquet et Pac\u00e9, poursuivez jusqu\u2019\u00e0 la N12 et reprendre la RN12 en direction de Rennes \u00e0 la hauteur de Pac\u00e9\u2009;<\/li>\n<li>Sinon, vous pouvez emprunter Vezin-le-Coquet et entrez dans Rennes au niveau de la rue de Saint-Brieuc ou tourner vers le sud en amont par la zone \u00ab\u2009Atalante Champeaux\u2009\u00bb\u2009;<\/li>\n<\/ul>\n<ul class=\" wall-content\">\n<li>vous pouvez aussi vous diriger sur la rue Nationale et la route d\u2019Olivet\u2009;<\/li>\n<li>enfin, en prenant le centre-ville de Vezin-le-Coquet, vous pouvez passer le monast\u00e8re b\u00e9n\u00e9diction Sainte-Th\u00e9r\u00e8se, pour rejoindre la route de Lorient.<\/li>\n<\/ul>\n<p>Votre r\u00e9gion, votre actu !<\/p>\n<p>Recevez chaque jour les infos qui comptent pour vous.<\/p>\n<p>\t<a href=\"https:\/\/actu.fr\/newsletter\" class=\"ac-btn ac-btn--corner ac-btn--medium ac-btn--blue800\" rel=\"nofollow noopener\" target=\"_blank\">S&rsquo;incrire<\/a><br \/>\nPar le sud<\/p>\n<p class=\" wall-content\">L\u00e0, encore, il vous faudra sortir \u00e0 l\u2019\u00e9changeur au niveau du Rheu, avant de prendre la direction de Chavagne par le D288. Au rond-point de Chavagne, plusieurs solutions s\u2019offrent \u00e0 vous\u2009:<\/p>\n<ul class=\" wall-content\">\n<li>dirigez-vous sur la D21 et la D129, avant de tourner aux \u00e9tangs d\u2019Apign\u00e9\u2009;<\/li>\n<li>prenez la D34, tourner au rond-point suivant \u00e0 gauche au lieu-dit Les Riniaux, puis tournez \u00e0 droite pour rejoindre la D434 vers le golf Bluegreen et la zone industrielle et continuer jusqu\u2019\u00e0 Castorama\u2009;<\/li>\n<\/ul>\n<ul class=\" wall-content\">\n<li>Sinon, en poursuivant sur la D34, une fois arriv\u00e9s aux abords du Parc Expo, vous reprenez l\u2019axe Redon-Rennes.<\/li>\n<\/ul>\n<p class=\" wall-content\">Personnalisez votre actualit\u00e9 en ajoutant vos villes et m\u00e9dias en favori avec <a href=\"https:\/\/moncompte.actu.fr\" title=\"D\u00e9couvez Mon Actu\" rel=\"nofollow noopener\" data-trk=\"{&quot;cta&quot;:{&quot;action&quot;:&quot;https:\\\/\\\/moncompte.actu.fr&quot;,&quot;category&quot;:&quot;mon compte&quot;,&quot;from&quot;:&quot;article footer&quot;,&quot;name&quot;:&quot;Mon actu&quot;,&quot;type&quot;:&quot;cta&quot;}}\" target=\"_blank\">Mon Actu<\/a>.<\/p>\n","protected":false},"excerpt":{"rendered":"Par Brian Le Goff Publi\u00e9 le 26 oct. 2025 \u00e0 19h54 Cette semaine s\u2019annonce tr\u00e8s compliqu\u00e9e pour les&hellip;\n","protected":false},"author":2,"featured_media":442126,"comment_status":"","ping_status":"","sticky":false,"template":"","format":"standard","meta":{"footnotes":""},"categories":[2821],"tags":[1111,11,829,3542,1777,674,1011,27,12,584,25,104,2086],"class_list":{"0":"post-491860","1":"post","2":"type-post","3":"status-publish","4":"format-standard","5":"has-post-thumbnail","7":"category-rennes","8":"tag-actu","9":"tag-actualites","10":"tag-bretagne","11":"tag-circulation","12":"tag-eu","13":"tag-europe","14":"tag-fr","15":"tag-france","16":"tag-news","17":"tag-rennes","18":"tag-republique-francaise","19":"tag-societe","20":"tag-travaux"},"share_on_mastodon":{"url":"https:\/\/pubeurope.com\/@fr\/115442441583092177","error":""},"_links":{"self":[{"href":"https:\/\/www.europesays.com\/fr\/wp-json\/wp\/v2\/posts\/491860","targetHints":{"allow":["GET"]}}],"collection":[{"href":"https:\/\/www.europesays.com\/fr\/wp-json\/wp\/v2\/posts"}],"about":[{"href":"https:\/\/www.europesays.com\/fr\/wp-json\/wp\/v2\/types\/post"}],"author":[{"embeddable":true,"href":"https:\/\/www.europesays.com\/fr\/wp-json\/wp\/v2\/users\/2"}],"replies":[{"embeddable":true,"href":"https:\/\/www.europesays.com\/fr\/wp-json\/wp\/v2\/comments?post=491860"}],"version-history":[{"count":0,"href":"https:\/\/www.europesays.com\/fr\/wp-json\/wp\/v2\/posts\/491860\/revisions"}],"wp:featuredmedia":[{"embeddable":true,"href":"https:\/\/www.europesays.com\/fr\/wp-json\/wp\/v2\/media\/442126"}],"wp:attachment":[{"href":"https:\/\/www.europesays.com\/fr\/wp-json\/wp\/v2\/media?parent=491860"}],"wp:term":[{"taxonomy":"category","embeddable":true,"href":"https:\/\/www.europesays.com\/fr\/wp-json\/wp\/v2\/categories?post=491860"},{"taxonomy":"post_tag","embeddable":true,"href":"https:\/\/www.europesays.com\/fr\/wp-json\/wp\/v2\/tags?post=491860"}],"curies":[{"name":"wp","href":"https:\/\/api.w.org\/{rel}","templated":true}]}}