{"id":491863,"date":"2025-10-26T20:51:14","date_gmt":"2025-10-26T20:51:14","guid":{"rendered":"https:\/\/www.europesays.com\/fr\/491863\/"},"modified":"2025-10-26T20:51:14","modified_gmt":"2025-10-26T20:51:14","slug":"strasbourg-la-recherche-au-secours-de-la-cathedrale","status":"publish","type":"post","link":"https:\/\/www.europesays.com\/fr\/491863\/","title":{"rendered":"Strasbourg. La recherche au secours de la cath\u00e9drale"},"content":{"rendered":"<p>Les conf\u00e9renci\u00e8res ont fait souffler un vent de fra\u00eecheur sur cette soir\u00e9e par leur jeunesse et leur dynamisme. Mercredi 15\u00a0octobre, Ad\u00e8le Cormier et Cl\u00e9a Merucci, toutes deux doctorantes, ont pris alternativement le micro pour s\u2019adresser au public avec vivacit\u00e9 et sans aucune note. Elles se sont empar\u00e9es du sujet \u201cLa cath\u00e9drale de Strasbourg en symbiose avec la recherche\u201d.<\/p>\n<p>Apr\u00e8s une br\u00e8ve mise en bouche par la pr\u00e9sentation de leurs th\u00e8ses, elles sont entr\u00e9es dans le&#8230;<\/p>\n","protected":false},"excerpt":{"rendered":"Les conf\u00e9renci\u00e8res ont fait souffler un vent de fra\u00eecheur sur cette soir\u00e9e par leur jeunesse et leur dynamisme.&hellip;\n","protected":false},"author":2,"featured_media":491864,"comment_status":"","ping_status":"","sticky":false,"template":"","format":"standard","meta":{"footnotes":""},"categories":[2820],"tags":[1111,11,6211,1687,2880,1777,674,1011,27,775,12,2661,5486,25,640,2879],"class_list":{"0":"post-491863","1":"post","2":"type-post","3":"status-publish","4":"format-standard","5":"has-post-thumbnail","7":"category-strasbourg","8":"tag-actu","9":"tag-actualites","10":"tag-conference","11":"tag-culture-loisirs","12":"tag-edition-strasbourg","13":"tag-eu","14":"tag-europe","15":"tag-fr","16":"tag-france","17":"tag-grand-est","18":"tag-news","19":"tag-patrimoine-culturel","20":"tag-rencontre","21":"tag-republique-francaise","22":"tag-strasbourg","23":"tag-strasbourg-ville"},"share_on_mastodon":{"url":"https:\/\/pubeurope.com\/@fr\/115442449462039265","error":""},"_links":{"self":[{"href":"https:\/\/www.europesays.com\/fr\/wp-json\/wp\/v2\/posts\/491863","targetHints":{"allow":["GET"]}}],"collection":[{"href":"https:\/\/www.europesays.com\/fr\/wp-json\/wp\/v2\/posts"}],"about":[{"href":"https:\/\/www.europesays.com\/fr\/wp-json\/wp\/v2\/types\/post"}],"author":[{"embeddable":true,"href":"https:\/\/www.europesays.com\/fr\/wp-json\/wp\/v2\/users\/2"}],"replies":[{"embeddable":true,"href":"https:\/\/www.europesays.com\/fr\/wp-json\/wp\/v2\/comments?post=491863"}],"version-history":[{"count":0,"href":"https:\/\/www.europesays.com\/fr\/wp-json\/wp\/v2\/posts\/491863\/revisions"}],"wp:featuredmedia":[{"embeddable":true,"href":"https:\/\/www.europesays.com\/fr\/wp-json\/wp\/v2\/media\/491864"}],"wp:attachment":[{"href":"https:\/\/www.europesays.com\/fr\/wp-json\/wp\/v2\/media?parent=491863"}],"wp:term":[{"taxonomy":"category","embeddable":true,"href":"https:\/\/www.europesays.com\/fr\/wp-json\/wp\/v2\/categories?post=491863"},{"taxonomy":"post_tag","embeddable":true,"href":"https:\/\/www.europesays.com\/fr\/wp-json\/wp\/v2\/tags?post=491863"}],"curies":[{"name":"wp","href":"https:\/\/api.w.org\/{rel}","templated":true}]}}