{"id":491870,"date":"2025-10-26T20:55:20","date_gmt":"2025-10-26T20:55:20","guid":{"rendered":"https:\/\/www.europesays.com\/fr\/491870\/"},"modified":"2025-10-26T20:55:20","modified_gmt":"2025-10-26T20:55:20","slug":"ivre-il-grille-un-feu-et-percute-la-voiture-dun-joueur-du-fc-nantes","status":"publish","type":"post","link":"https:\/\/www.europesays.com\/fr\/491870\/","title":{"rendered":"Ivre, il grille un feu et percute la voiture d\u2019un joueur du FC Nantes"},"content":{"rendered":"<p>Vers 8\u00a0h\u00a030 ce dimanche 26\u00a0octobre, un automobiliste a grill\u00e9 un feu rouge, rue de Strasbourg, dans le centre-ville de Nantes. Il a percut\u00e9 un autre automobiliste, avant de prendre la fuite. Il a \u00e9t\u00e9 interpell\u00e9 peu apr\u00e8s par une patrouille de police.<\/p>\n<p>Alexis Mirbach, victime de l\u2019accident<\/p>\n<p>Le conducteur de la voiture percut\u00e9e n\u2019est autre qu\u2019Alexis Mirbach, troisi\u00e8me gardien du FC Nantes. Le jeune homme, qui se trouvait seul \u00e0 bord, a \u00e9t\u00e9 examin\u00e9 par les sapeurs-pompiers. Il a \u00e9t\u00e9 transport\u00e9 \u00e0 l\u2019h\u00f4pital par mesure de pr\u00e9caution mais n\u2019a pas \u00e9t\u00e9 bless\u00e9. Seule sa voiture a \u00e9t\u00e9 endommag\u00e9e.<\/p>\n<p>L\u2019automobiliste interpell\u00e9, \u00e2g\u00e9 de 21\u00a0ans, conduisait alcoolis\u00e9, sans permis de conduire et en situation irr\u00e9guli\u00e8re sur le plan administratif. Il a \u00e9t\u00e9 plac\u00e9 en garde \u00e0 vue dans les ge\u00f4les du commissariat central de Waldeck-Rousseau, \u00e0 Nantes. Le jeune homme, qui a d\u00e9j\u00e0 de nombreux ant\u00e9c\u00e9dents judiciaires, devrait \u00eatre entendu par les enqu\u00eateurs dans la journ\u00e9e.<\/p>\n<p>\u00a0<\/p>\n","protected":false},"excerpt":{"rendered":"Vers 8\u00a0h\u00a030 ce dimanche 26\u00a0octobre, un automobiliste a grill\u00e9 un feu rouge, rue de Strasbourg, dans le centre-ville&hellip;\n","protected":false},"author":2,"featured_media":491871,"comment_status":"","ping_status":"","sticky":false,"template":"","format":"standard","meta":{"footnotes":""},"categories":[2818],"tags":[1111,11,2192,1777,674,12087,1312,1011,27,45513,12331,1441,766,12,2636,22602,25,4752],"class_list":{"0":"post-491870","1":"post","2":"type-post","3":"status-publish","4":"format-standard","5":"has-post-thumbnail","7":"category-nantes","8":"tag-actu","9":"tag-actualites","10":"tag-cholet","11":"tag-eu","12":"tag-europe","13":"tag-fc","14":"tag-feu","15":"tag-fr","16":"tag-france","17":"tag-grille","18":"tag-ivre","19":"tag-joueur","20":"tag-nantes","21":"tag-news","22":"tag-pays-de-la-loire","23":"tag-percute","24":"tag-republique-francaise","25":"tag-voiture"},"share_on_mastodon":{"url":"https:\/\/pubeurope.com\/@fr\/115442465206011031","error":""},"_links":{"self":[{"href":"https:\/\/www.europesays.com\/fr\/wp-json\/wp\/v2\/posts\/491870","targetHints":{"allow":["GET"]}}],"collection":[{"href":"https:\/\/www.europesays.com\/fr\/wp-json\/wp\/v2\/posts"}],"about":[{"href":"https:\/\/www.europesays.com\/fr\/wp-json\/wp\/v2\/types\/post"}],"author":[{"embeddable":true,"href":"https:\/\/www.europesays.com\/fr\/wp-json\/wp\/v2\/users\/2"}],"replies":[{"embeddable":true,"href":"https:\/\/www.europesays.com\/fr\/wp-json\/wp\/v2\/comments?post=491870"}],"version-history":[{"count":0,"href":"https:\/\/www.europesays.com\/fr\/wp-json\/wp\/v2\/posts\/491870\/revisions"}],"wp:featuredmedia":[{"embeddable":true,"href":"https:\/\/www.europesays.com\/fr\/wp-json\/wp\/v2\/media\/491871"}],"wp:attachment":[{"href":"https:\/\/www.europesays.com\/fr\/wp-json\/wp\/v2\/media?parent=491870"}],"wp:term":[{"taxonomy":"category","embeddable":true,"href":"https:\/\/www.europesays.com\/fr\/wp-json\/wp\/v2\/categories?post=491870"},{"taxonomy":"post_tag","embeddable":true,"href":"https:\/\/www.europesays.com\/fr\/wp-json\/wp\/v2\/tags?post=491870"}],"curies":[{"name":"wp","href":"https:\/\/api.w.org\/{rel}","templated":true}]}}