{"id":491874,"date":"2025-10-26T20:57:19","date_gmt":"2025-10-26T20:57:19","guid":{"rendered":"https:\/\/www.europesays.com\/fr\/491874\/"},"modified":"2025-10-26T20:57:19","modified_gmt":"2025-10-26T20:57:19","slug":"le-parquet-la-prefecture-et-la-ville-signent-une-nouvelle-feuille-de-route-contre-la-delinquance-a-bordeaux","status":"publish","type":"post","link":"https:\/\/www.europesays.com\/fr\/491874\/","title":{"rendered":"Le parquet, la pr\u00e9fecture et la Ville signent une nouvelle feuille de route contre la d\u00e9linquance \u00e0 Bordeaux"},"content":{"rendered":"<p class=\"wp-block-post-excerpt__excerpt\">Ce vendredi, les autorit\u00e9s ont dress\u00e9 le bilan des dix-huit derniers mois du Groupe local de traitement de la d\u00e9linquance (GLTD) \u00e0 Bordeaux. Face \u00e0 la mont\u00e9e du trafic de coca\u00efne et \u00e0 la prolif\u00e9ration des armes blanches, une nouvelle strat\u00e9gie a \u00e9t\u00e9 annonc\u00e9e pour adapter la r\u00e9ponse judiciaire et polici\u00e8re. <\/p>\n<p class=\"font-sans\">\n\t\t\tCet article est en acc\u00e8s libre. Pour soutenir Rue89Bordeaux,<br \/>\n\t\t\t<a class=\"underline\" href=\"https:\/\/rue89bordeaux.com\/abonnement\/\" target=\"_blank\" rel=\"noopener\">abonnez-vous<\/a>.\n\t\t<\/p>\n<p>Samuel Clauzier<\/p>\n<p>Publi\u00e9 le 26 octobre 2025\u00a0\u00a0\u00b7\u00a0\u00a0<\/p>\n<p>Imprim\u00e9 le 26 octobre 2025 \u00e0 21h28\u00a0\u00a0\u00b7\u00a0\u00a0<\/p>\n<p>\t\t\t\t\t3\u00a0minutes\n<\/p>\n<p>Le point de rendez-vous est sur le terrain. Ce vendredi 24 octobre, le procureur de la R\u00e9publique Renaud Gaudeul a pr\u00e9sent\u00e9 le bilan du Groupe local de traitement de la d\u00e9linquance (GLTD) porte de Bourgogne \u00e0 Bordeaux. Il est entour\u00e9 du directeur de cabinet du pr\u00e9fet Gr\u00e9gory Lecru et le maire de Bordeaux Pierre Hurmic.<\/p>\n<p>En arri\u00e8re plan, des contr\u00f4les se tiennent dans le cadre du dispositif interminist\u00e9riel : le comit\u00e9 op\u00e9rationnel d\u00e9partemental antifraude (Codaf). Les douanes, la police, l\u2019Urssaf, les imp\u00f4ts et la direction d\u00e9partementale de la protection des populations (DDPP) m\u00e8nent une vaste op\u00e9ration dans plusieurs commerces des Capucins et de la Porte de Bourgogne. Deux \u00e9tablissements ont \u00e9t\u00e9 \u00e9pingl\u00e9s pour des infractions au code du travail.<\/p>\n<p>Le GLTD, dispositif judiciaire coordonn\u00e9 par le parquet, r\u00e9unit l\u2019ensemble des services de l\u2019\u00c9tat et de la Ville pour concentrer les moyens sur les quartiers les plus expos\u00e9s : Saint-Michel, Saint-Paul, les Capucins et la gare Saint-Jean. L\u2019objectif : agir simultan\u00e9ment sur la d\u00e9linquance, le trafic et les causes structurelles qui les favorisent.<\/p>\n<blockquote class=\"wp-block-quote is-layout-flow wp-block-quote-is-layout-flow\">\n<p>\u00ab\u00a0Certains secteurs ont \u00e9t\u00e9 sortis de la zone du GLTD, d\u2019autres persistent, avec des points de deal qui continuent \u00e0 y \u00eatre implant\u00e9s\u00a0\u00bb, introduit Renaud Gaudeul qui annonce \u00ab\u00a0une nouvelle feuille de route\u00a0\u00bb.<\/p>\n<\/blockquote>\n<p>\t\t3 700 proc\u00e9dures p\u00e9nales en dix-huit mois<\/p>\n<blockquote class=\"wp-block-quote is-layout-flow wp-block-quote-is-layout-flow\">\n<p>\u00ab\u00a0En un an et demi, 3 700 personnes ont fait l\u2019objet de proc\u00e9dures p\u00e9nales dans le secteur GLTD, dont plus d\u2019un millier ont \u00e9t\u00e9 plac\u00e9es en garde \u00e0 vue. Et la moiti\u00e9 d\u2019entre elles ont \u00e9t\u00e9 d\u00e9f\u00e9r\u00e9es au parquet. C\u2019est quasiment quatre fois plus que sur l\u2019ensemble du territoire, ce qui montre l\u2019engagement de l\u2019\u00c9tat et de l\u2019autorit\u00e9 judiciaire\u00a0\u00bb, d\u00e9taille Renaud Gaudeul.<\/p>\n<\/blockquote>\n<p>Les infractions li\u00e9es aux stup\u00e9fiants demeurent de loin les plus fr\u00e9quentes, suivies par les ports d\u2019armes prohib\u00e9s. La nouvelle feuille de route du GLTD pr\u00e9voit de s\u2019adapter \u00e0 cette situation avec plusieurs \u00e9volutions. Parmi elles, l\u2019int\u00e9gration du service urbanisme de la Ville de Bordeaux \u2013 \u00ab\u00a0une premi\u00e8re en France\u00a0\u00bb selon le procureur \u2013, qui devrait \u00ab\u00a0impulser la r\u00e9habilitation pour \u00e9viter que ces lieux ne deviennent des bases arri\u00e8re du deal\u00a0\u00bb.<\/p>\n<p>Le maire Pierre Hurmic, qui avait soutenu la cr\u00e9ation du dispositif d\u00e8s 2020, d\u00e9fend parall\u00e8lement une politique s\u00e9curitaire \u00ab\u00a0\u00e9quilibr\u00e9e\u00a0\u00bb, qui \u00ab\u00a0avance \u00e0 la fois sur la pr\u00e9vention et sur la r\u00e9pression\u00a0\u00bb.<\/p>\n<p>\t\tDeux GLTD pour mieux cibler les r\u00e9alit\u00e9s<\/p>\n<p>Les autorit\u00e9s ont d\u00e9cid\u00e9 de scinder le GLTD bordelais en deux entit\u00e9s : l\u2019une couvrant Saint-Michel, Saint-Paul, Capucins et Richemont ; l\u2019autre, la gare Saint-Jean.<\/p>\n<blockquote class=\"wp-block-quote is-layout-flow wp-block-quote-is-layout-flow\">\n<p>\u00ab\u00a0Ici [dans le quartier Saint-Michel], la pr\u00e9dominance des stup\u00e9fiants est tr\u00e8s forte, ce qui est moins le cas autour de la gare o\u00f9 on retrouve d\u2019autres interlocuteurs comme la SNCF et des bailleurs sociaux.\u00a0\u00bb<\/p>\n<\/blockquote>\n<p>Le plan pr\u00e9voit \u00e9galement un d\u00e9ploiement renforc\u00e9 de la vid\u00e9oprotection. Et pour la partie sanction, les autorit\u00e9s entendent exploiter les nouveaux leviers de la loi du 13 juin 2025 sur le narcotrafic, qui facilite notamment les expulsions de locataires impliqu\u00e9s dans le trafic et les fermetures administratives de commerces.<\/p>\n<blockquote class=\"wp-block-quote is-layout-flow wp-block-quote-is-layout-flow\">\n<p>\u00ab\u00a0Ce qu\u2019on constate \u00e0 Bordeaux, comme partout ailleurs en France, c\u2019est qu\u2019il y a d\u00e9sormais autant de coca\u00efne que de cannabis sur les points de deal, alors qu\u2019on saisissait auparavant majoritairement du cannabis\u00a0\u00bb, souligne Renaud Gaudeul.<\/p>\n<\/blockquote>\n<p>Prolif\u00e9ration des armes blanches<\/p>\n<p>Le procureur dernier met \u00e9galement en lumi\u00e8re un ph\u00e9nom\u00e8ne in\u00e9dit : <\/p>\n<blockquote class=\"wp-block-quote is-layout-flow wp-block-quote-is-layout-flow\">\n<p>\u00ab\u00a0Pour la premi\u00e8re fois depuis le d\u00e9but de l\u2019ann\u00e9e, ici en Gironde, nous avons eu plus de morts sur la route \u00e0 cause des stup\u00e9fiants qu\u2019\u00e0 cause de l\u2019alcool. On a toujours dit que le fl\u00e9au num\u00e9ro un sur les routes, c\u2019\u00e9tait l\u2019alcool ; aujourd\u2019hui, ce sont les stup\u00e9fiants.\u00a0\u00bb<\/p>\n<\/blockquote>\n<p>Autre \u00e9volution pr\u00e9occupante : la prolif\u00e9ration des armes blanches.<\/p>\n<blockquote class=\"wp-block-quote is-layout-flow wp-block-quote-is-layout-flow\">\n<p>\u00ab\u00a0Toute personne trouv\u00e9e en possession d\u2019une arme blanche dans ce secteur-l\u00e0 fait syst\u00e9matiquement l\u2019objet d\u2019un d\u00e9ferrement \u00e0 l\u2019issue de sa garde \u00e0 vue\u00a0\u00bb, pr\u00e9vient-il.<\/p>\n<\/blockquote>\n<p>Malgr\u00e9 les r\u00e9sultats obtenus \u00e0 Saint-Paul, les difficult\u00e9s demeurent \u00e0 Saint-Michel. Mais les autorit\u00e9s assurent vouloir maintenir la pression. \u00ab\u00a0Le GLTD est un outil qui fonctionne\u00a0\u00bb, conc\u00e8de de concert le maire de Bordeaux et le directeur de cabinet du pr\u00e9fet. \u00ab\u00a0L\u2019id\u00e9e est d\u2019aller plus loin pour obtenir des r\u00e9sultats l\u00e0 o\u00f9 des poches de d\u00e9linquance subsistent.\u00a0\u00bb<\/p>\n","protected":false},"excerpt":{"rendered":"Ce vendredi, les autorit\u00e9s ont dress\u00e9 le bilan des dix-huit derniers mois du Groupe local de traitement de&hellip;\n","protected":false},"author":2,"featured_media":491875,"comment_status":"","ping_status":"","sticky":false,"template":"","format":"standard","meta":{"footnotes":""},"categories":[2817],"tags":[1111,11,1997,2950,1777,674,1011,27,61449,12,2219,25,656],"class_list":{"0":"post-491874","1":"post","2":"type-post","3":"status-publish","4":"format-standard","5":"has-post-thumbnail","7":"category-bordeaux","8":"tag-actu","9":"tag-actualites","10":"tag-bordeaux","11":"tag-delinquance","12":"tag-eu","13":"tag-europe","14":"tag-fr","15":"tag-france","16":"tag-gltd","17":"tag-news","18":"tag-nouvelle-aquitaine","19":"tag-republique-francaise","20":"tag-securite"},"share_on_mastodon":{"url":"https:\/\/pubeurope.com\/@fr\/115442472996631543","error":""},"_links":{"self":[{"href":"https:\/\/www.europesays.com\/fr\/wp-json\/wp\/v2\/posts\/491874","targetHints":{"allow":["GET"]}}],"collection":[{"href":"https:\/\/www.europesays.com\/fr\/wp-json\/wp\/v2\/posts"}],"about":[{"href":"https:\/\/www.europesays.com\/fr\/wp-json\/wp\/v2\/types\/post"}],"author":[{"embeddable":true,"href":"https:\/\/www.europesays.com\/fr\/wp-json\/wp\/v2\/users\/2"}],"replies":[{"embeddable":true,"href":"https:\/\/www.europesays.com\/fr\/wp-json\/wp\/v2\/comments?post=491874"}],"version-history":[{"count":0,"href":"https:\/\/www.europesays.com\/fr\/wp-json\/wp\/v2\/posts\/491874\/revisions"}],"wp:featuredmedia":[{"embeddable":true,"href":"https:\/\/www.europesays.com\/fr\/wp-json\/wp\/v2\/media\/491875"}],"wp:attachment":[{"href":"https:\/\/www.europesays.com\/fr\/wp-json\/wp\/v2\/media?parent=491874"}],"wp:term":[{"taxonomy":"category","embeddable":true,"href":"https:\/\/www.europesays.com\/fr\/wp-json\/wp\/v2\/categories?post=491874"},{"taxonomy":"post_tag","embeddable":true,"href":"https:\/\/www.europesays.com\/fr\/wp-json\/wp\/v2\/tags?post=491874"}],"curies":[{"name":"wp","href":"https:\/\/api.w.org\/{rel}","templated":true}]}}