{"id":491878,"date":"2025-10-26T20:59:13","date_gmt":"2025-10-26T20:59:13","guid":{"rendered":"https:\/\/www.europesays.com\/fr\/491878\/"},"modified":"2025-10-26T20:59:13","modified_gmt":"2025-10-26T20:59:13","slug":"sortie-musee-aeroscopia-tarn-et-garonne-labastide-st-pierre","status":"publish","type":"post","link":"https:\/\/www.europesays.com\/fr\/491878\/","title":{"rendered":"Sortie mus\u00e9e A\u00e9roscopia &#8211; Tarn et Garonne &#8211; Labastide-St-Pierre"},"content":{"rendered":"<p>Rendez-vous le 30 octobre \u00e0 8h30, Centre social Arc-en-Ciel. Venez d\u00e9couvrir ce mus\u00e9e de l\u2019a\u00e9ronautique, 7000 m2 d\u00e9di\u00e9s \u00e0 l\u2019histoire de l\u2019aviation \u00e0 travers une collection d\u2019avions de l\u00e9gende (le Concorde, la Caravelle, l\u2019A300B, l\u2019A380). De nombreux espaces th\u00e9matiques vous attendent : construction d\u2019avion, d\u00e9couverte des coulisses de l&rsquo;avion&#8230; Puis direction le mus\u00e9e des ailes anciennes qui poss\u00e8de une collection de 50 avions et h\u00e9licopt\u00e8res anciens de 1940 \u00e0 nos jours. Places limit\u00e9es : inscription obligatoire et valable uniquement apr\u00e8s paiement. Programme : &#8211; Arriv\u00e9e vers 10h au mus\u00e9e A\u00e9roscopia, visite libre du mus\u00e9e. &#8211; 12h : Pr\u00e9voir un pique-nique (tables de pique-nique en ext\u00e9rieur). &#8211; 14h : Rendez-vous au mus\u00e9e des ailes anciennes en ext\u00e9rieur pour une visite comment\u00e9e de ce mus\u00e9e. &#8211; 16h30 : Sur le parking, go\u00fbter offert et photo souvenir de la journ\u00e9e. &#8211; D\u00e9part \u00e0 16h45. D\u00e9parts Bus : Comberouger. Salle des f\u00eates d\u00e9part 8h30 &#8211; retour 18h Aucamville 5 place de la libert\u00e9 (c\u00f4t\u00e9 terrain de p\u00e9tanque) d\u00e9part 8h45 &#8211; retour 17h45. T\u00e9l : 07 72 51 57 73.<\/p>\n<p>                Cet article est r\u00e9serv\u00e9 aux abonn\u00e9s.<\/p>\n<p class=\"signature\" itemscope=\"\" itemprop=\"Author\" itemtype=\"http:\/\/schema.org\/Person\">\n                WV\n            <\/p>\n","protected":false},"excerpt":{"rendered":"Rendez-vous le 30 octobre \u00e0 8h30, Centre social Arc-en-Ciel. Venez d\u00e9couvrir ce mus\u00e9e de l\u2019a\u00e9ronautique, 7000 m2 d\u00e9di\u00e9s&hellip;\n","protected":false},"author":2,"featured_media":395922,"comment_status":"","ping_status":"","sticky":false,"template":"","format":"standard","meta":{"footnotes":""},"categories":[2816],"tags":[1111,11,1777,674,1011,27,12,2680,301,25,2312],"class_list":{"0":"post-491878","1":"post","2":"type-post","3":"status-publish","4":"format-standard","5":"has-post-thumbnail","7":"category-toulouse","8":"tag-actu","9":"tag-actualites","10":"tag-eu","11":"tag-europe","12":"tag-fr","13":"tag-france","14":"tag-news","15":"tag-occitanie","16":"tag-premium","17":"tag-republique-francaise","18":"tag-toulouse"},"share_on_mastodon":{"url":"https:\/\/pubeurope.com\/@fr\/115442481372203465","error":""},"_links":{"self":[{"href":"https:\/\/www.europesays.com\/fr\/wp-json\/wp\/v2\/posts\/491878","targetHints":{"allow":["GET"]}}],"collection":[{"href":"https:\/\/www.europesays.com\/fr\/wp-json\/wp\/v2\/posts"}],"about":[{"href":"https:\/\/www.europesays.com\/fr\/wp-json\/wp\/v2\/types\/post"}],"author":[{"embeddable":true,"href":"https:\/\/www.europesays.com\/fr\/wp-json\/wp\/v2\/users\/2"}],"replies":[{"embeddable":true,"href":"https:\/\/www.europesays.com\/fr\/wp-json\/wp\/v2\/comments?post=491878"}],"version-history":[{"count":0,"href":"https:\/\/www.europesays.com\/fr\/wp-json\/wp\/v2\/posts\/491878\/revisions"}],"wp:featuredmedia":[{"embeddable":true,"href":"https:\/\/www.europesays.com\/fr\/wp-json\/wp\/v2\/media\/395922"}],"wp:attachment":[{"href":"https:\/\/www.europesays.com\/fr\/wp-json\/wp\/v2\/media?parent=491878"}],"wp:term":[{"taxonomy":"category","embeddable":true,"href":"https:\/\/www.europesays.com\/fr\/wp-json\/wp\/v2\/categories?post=491878"},{"taxonomy":"post_tag","embeddable":true,"href":"https:\/\/www.europesays.com\/fr\/wp-json\/wp\/v2\/tags?post=491878"}],"curies":[{"name":"wp","href":"https:\/\/api.w.org\/{rel}","templated":true}]}}