{"id":49188,"date":"2025-04-24T12:45:09","date_gmt":"2025-04-24T12:45:09","guid":{"rendered":"https:\/\/www.europesays.com\/fr\/49188\/"},"modified":"2025-04-24T12:45:09","modified_gmt":"2025-04-24T12:45:09","slug":"atp-del-potro-designe-lun-des-moments-les-plus-marquants-de-sa-carriere-cetait-lune-des-plus-belles-semaines-de-ma-carriere-jai-affronte-nadal-murray-djokovic-et-federer-les-meilleurs-des","status":"publish","type":"post","link":"https:\/\/www.europesays.com\/fr\/49188\/","title":{"rendered":"ATP > Del Potro d\u00e9signe l&rsquo;un des moments les plus marquants de sa carri\u00e8re : \u00ab\u00a0C&rsquo;\u00e9tait l&rsquo;une des plus belles semaines de ma carri\u00e8re. J&rsquo;ai affront\u00e9 Nadal, Murray, Djokovic et Federer. Les meilleurs des meilleurs. C&rsquo;\u00e9tait une double mission impossible, et\u00a0j&rsquo;ai\u00a0r\u00e9ussi.\u00a0\u00bb"},"content":{"rendered":"<p>Depuis son retrait d\u00e9fi\u00adnitif des cours en d\u00e9cembre dernier, lors d\u2019un match d\u2019ex\u00adhi\u00adbi\u00adtion face \u00e0 Novak Djokovic, Juan Martin Del Potro a plus de temps pour revenir sur ses accom\u00adplis\u00adse\u00adments. Dans les colonnes d\u2019<a href=\"https:\/\/www.olympics.com\/pt\/noticias\/juan-martin-del-potro-joao-fonseca-novak-djokovic-jogos-olimpicos\" data-wpel-link=\"external\" target=\"_blank\" rel=\"nofollow external noopener\">Olympics<\/a>, la tour de Tandil est revenue sur sa campagne des Jeux olym\u00adpiques de Rio. En 2016, l\u2019an\u00adcien num\u00e9ro trois mondial avait fait un \u00e9ni\u00e8me retour impres\u00adsion\u00adnant \u00e0 la comp\u00e9\u00adti\u00adtion, le menant \u00e0 une finale inat\u00adtendue aux Jeux, perdue face \u00e0 Andy Murray (7\u22125, 4\u20136, 6\u20132, 7\u20135). <\/p>\n<p><strong>\u00ab\u202fLe moment o\u00f9 l\u2019on m\u2019a dit que je jouais contre Nole a \u00e9t\u00e9 horrible. Il \u00e9tait num\u00e9ro un mondial. J\u2019\u00e9tais triste, d\u00e9\u00e7u, je pensais que Rio \u00e9tait une grande oppor\u00adtu\u00adnit\u00e9 pour moi et qu\u2019il \u00e9tait presque impos\u00adsible de battre Djokovic au premier match. Les Br\u00e9siliens soute\u00adnaient Nole, il \u00e9tait tr\u00e8s aim\u00e9 l\u00e0\u2010bas, et moi, bien s\u00fbr, j\u2019\u00e9tais Argentin. Cependant, le match a \u00e9t\u00e9 d\u2019un tel niveau et d\u2019une telle inten\u00adsit\u00e9 \u00e9motion\u00adnelle qu\u2019a\u00adpr\u00e8s avoir battu Novak, les Br\u00e9siliens ont commenc\u00e9 \u00e0 me soutenir. Nous nous sommes li\u00e9s et avons cr\u00e9\u00e9 une rela\u00adtion si forte que je la ressens encore lorsque je viens au Br\u00e9sil. Les Jeux de Rio ont \u00e9t\u00e9 l\u2019une des plus belles semaines de ma carri\u00e8re. J\u2019ai affront\u00e9 Rafa, Andy, Novak et Roger lors de deux Jeux olym\u00adpiques. Les meilleurs des meilleurs. Si c\u2019est d\u00e9j\u00e0 diffi\u00adcile de gagner une m\u00e9daille, imaginez les affronter. C\u2019\u00e9tait une double mission impos\u00adsible, et j\u2019ai r\u00e9ussi. Les Jeux sont tr\u00e8s sp\u00e9ciaux pour un athl\u00e8te, il y a un esprit et un amour pour le sport que l\u2019on ne ressent que lors d\u2019un match\u00a0aux\u00a0Jeux\u202f\u00bb.<\/strong><\/p>\n<p class=\"post-published-date\" style=\"color: silver; font-size: 75%; text-align: left;\">Publi\u00e9 le jeudi 24 avril 2025 \u00e0 13:21<\/p>\n","protected":false},"excerpt":{"rendered":"Depuis son retrait d\u00e9fi\u00adnitif des cours en d\u00e9cembre dernier, lors d\u2019un match d\u2019ex\u00adhi\u00adbi\u00adtion face \u00e0 Novak Djokovic, Juan&hellip;\n","protected":false},"author":2,"featured_media":49189,"comment_status":"","ping_status":"","sticky":false,"template":"","format":"standard","meta":{"footnotes":""},"categories":[1415],"tags":[4737,4738,105,2199,1011,27,1960,60,1467],"class_list":{"0":"post-49188","1":"post","2":"type-post","3":"status-publish","4":"format-standard","5":"has-post-thumbnail","7":"category-tennis","8":"tag-andy-murray","9":"tag-del-potro","10":"tag-djokovic","11":"tag-federer","12":"tag-fr","13":"tag-france","14":"tag-nadal","15":"tag-sports","16":"tag-tennis"},"share_on_mastodon":{"url":"https:\/\/pubeurope.com\/@fr\/114393010890786007","error":""},"_links":{"self":[{"href":"https:\/\/www.europesays.com\/fr\/wp-json\/wp\/v2\/posts\/49188","targetHints":{"allow":["GET"]}}],"collection":[{"href":"https:\/\/www.europesays.com\/fr\/wp-json\/wp\/v2\/posts"}],"about":[{"href":"https:\/\/www.europesays.com\/fr\/wp-json\/wp\/v2\/types\/post"}],"author":[{"embeddable":true,"href":"https:\/\/www.europesays.com\/fr\/wp-json\/wp\/v2\/users\/2"}],"replies":[{"embeddable":true,"href":"https:\/\/www.europesays.com\/fr\/wp-json\/wp\/v2\/comments?post=49188"}],"version-history":[{"count":0,"href":"https:\/\/www.europesays.com\/fr\/wp-json\/wp\/v2\/posts\/49188\/revisions"}],"wp:featuredmedia":[{"embeddable":true,"href":"https:\/\/www.europesays.com\/fr\/wp-json\/wp\/v2\/media\/49189"}],"wp:attachment":[{"href":"https:\/\/www.europesays.com\/fr\/wp-json\/wp\/v2\/media?parent=49188"}],"wp:term":[{"taxonomy":"category","embeddable":true,"href":"https:\/\/www.europesays.com\/fr\/wp-json\/wp\/v2\/categories?post=49188"},{"taxonomy":"post_tag","embeddable":true,"href":"https:\/\/www.europesays.com\/fr\/wp-json\/wp\/v2\/tags?post=49188"}],"curies":[{"name":"wp","href":"https:\/\/api.w.org\/{rel}","templated":true}]}}