{"id":491884,"date":"2025-10-26T21:06:30","date_gmt":"2025-10-26T21:06:30","guid":{"rendered":"https:\/\/www.europesays.com\/fr\/491884\/"},"modified":"2025-10-26T21:06:30","modified_gmt":"2025-10-26T21:06:30","slug":"vainqueur-au-finish-lespagnol-ilias-fifa-simpose-au-bout-du-suspense","status":"publish","type":"post","link":"https:\/\/www.europesays.com\/fr\/491884\/","title":{"rendered":"vainqueur au finish, l&rsquo;Espagnol Ilias Fifa s&rsquo;impose au bout du suspense"},"content":{"rendered":"<p><a href=\"https:\/\/www.laprovence.com\/article\/sports\/35201951276414\/direct-laprovence-direct-les-20-000-coureurs-deja-dans-les-starting-blocks-suivez-la-46e-edition-de-marseille-cassis\" target=\"_blank\" rel=\"noopener\">Les \u00e9ditions se suivent et ne se ressemblent pas sur Marseille-Cassis.<\/a> Vainqueur de l\u2019\u00e9dition 2024, <a href=\"https:\/\/www.laprovence.com\/article\/sports\/4507902421446714\/marseille-cassis-le-rwandais-felicien-muhitira-remporte-la-45e-edition\" target=\"_blank\" rel=\"noopener\">le Rwandais F\u00e9licien Muhitira<\/a> s\u2019\u00e9tait alors impos\u00e9 \u00e0 l\u2019issue d\u2019un long cavalier seul. Ce dimanche 26\u00a0octobre, apr\u00e8s avoir \u00e9t\u00e9 distanc\u00e9 en haut de la Gineste, Ilias Fifa a d\u00fb puiser dans ses r\u00e9serves et se battre jusqu\u2019aux derniers m\u00e8tres, pour inscrire son nom au palmar\u00e8s de la prestigieuse classique internationale. Une issue improbable alors que Mohamed El Tahaloui semblait avoir course gagn\u00e9e, \u00e0 moins d\u2019un kilom\u00e8tre de l\u2019arriv\u00e9e, apr\u00e8s avoir l\u00e2ch\u00e9 l\u2019Ukrainien Mykola Mevsha.<\/p>\n<p>Le trio de t\u00eate avait d\u2019ailleurs anim\u00e9 la majeure partie de la course, Muhitira se contentant de rester dans leurs foul\u00e9es, avant d\u2019abdiquer d\u00e8s que la route s\u2019\u00e9levait. La suite a offert un beau duel entre le Marocain et l\u2019Ukrainien. Ce dernier, plus puissant, pointait en t\u00eate lors de la descente sur Cassis. Mais la derni\u00e8re mont\u00e9e lui a \u00e9t\u00e9 fatale et c\u2019est donc le Marocain qui se pr\u00e9sentait seul en t\u00eate, avant de voir Fifa revenir sur lui, dans la derni\u00e8re ligne droite, et le d\u00e9poser \u00e0 quelques m\u00e8tres de la ligne d\u2019arriv\u00e9e, pour boucler sa course en 1h01&rsquo;09\u00a0\u00bb.<\/p>\n<p>\u00ab\u00a0Je suis tr\u00e8s content de ma course, soufflait l\u2019Espagn&#8230;<\/p>\n","protected":false},"excerpt":{"rendered":"Les \u00e9ditions se suivent et ne se ressemblent pas sur Marseille-Cassis. Vainqueur de l\u2019\u00e9dition 2024, le Rwandais F\u00e9licien&hellip;\n","protected":false},"author":2,"featured_media":491885,"comment_status":"","ping_status":"","sticky":false,"template":"","format":"standard","meta":{"footnotes":""},"categories":[2814],"tags":[17,1111,11,1777,674,2269,61450,1011,27,61452,61451,884,54068,12,882,25,29263,60,21369],"class_list":{"0":"post-491884","1":"post","2":"type-post","3":"status-publish","4":"format-standard","5":"has-post-thumbnail","7":"category-marseille","8":"tag-17","9":"tag-actu","10":"tag-actualites","11":"tag-eu","12":"tag-europe","13":"tag-fifa","14":"tag-finish","15":"tag-fr","16":"tag-france","17":"tag-ilias","18":"tag-lespagnol","19":"tag-marseille","20":"tag-marseille-cassis","21":"tag-news","22":"tag-provence-alpes-cote-dazur","23":"tag-republique-francaise","24":"tag-simpose","25":"tag-sports","26":"tag-vainqueur"},"share_on_mastodon":{"url":"https:\/\/pubeurope.com\/@fr\/115442508283052903","error":""},"_links":{"self":[{"href":"https:\/\/www.europesays.com\/fr\/wp-json\/wp\/v2\/posts\/491884","targetHints":{"allow":["GET"]}}],"collection":[{"href":"https:\/\/www.europesays.com\/fr\/wp-json\/wp\/v2\/posts"}],"about":[{"href":"https:\/\/www.europesays.com\/fr\/wp-json\/wp\/v2\/types\/post"}],"author":[{"embeddable":true,"href":"https:\/\/www.europesays.com\/fr\/wp-json\/wp\/v2\/users\/2"}],"replies":[{"embeddable":true,"href":"https:\/\/www.europesays.com\/fr\/wp-json\/wp\/v2\/comments?post=491884"}],"version-history":[{"count":0,"href":"https:\/\/www.europesays.com\/fr\/wp-json\/wp\/v2\/posts\/491884\/revisions"}],"wp:featuredmedia":[{"embeddable":true,"href":"https:\/\/www.europesays.com\/fr\/wp-json\/wp\/v2\/media\/491885"}],"wp:attachment":[{"href":"https:\/\/www.europesays.com\/fr\/wp-json\/wp\/v2\/media?parent=491884"}],"wp:term":[{"taxonomy":"category","embeddable":true,"href":"https:\/\/www.europesays.com\/fr\/wp-json\/wp\/v2\/categories?post=491884"},{"taxonomy":"post_tag","embeddable":true,"href":"https:\/\/www.europesays.com\/fr\/wp-json\/wp\/v2\/tags?post=491884"}],"curies":[{"name":"wp","href":"https:\/\/api.w.org\/{rel}","templated":true}]}}