{"id":491886,"date":"2025-10-26T21:08:12","date_gmt":"2025-10-26T21:08:12","guid":{"rendered":"https:\/\/www.europesays.com\/fr\/491886\/"},"modified":"2025-10-26T21:08:12","modified_gmt":"2025-10-26T21:08:12","slug":"des-nouveaux-travaux-prevus-jusqua-fin-2025-demarrent-dans-ce-secteur-2","status":"publish","type":"post","link":"https:\/\/www.europesays.com\/fr\/491886\/","title":{"rendered":"des nouveaux travaux pr\u00e9vus jusqu\u2019\u00e0 fin 2025 d\u00e9marrent dans ce secteur"},"content":{"rendered":"<p itemprop=\"description\"><strong>La M\u00e9tropole de Lyon poursuit l\u2019am\u00e9nagement de la Voie Lyonnaise 12.<\/strong><\/p>\n<p>\u00c0 partir de ce\u00a0lundi 27 octobre, une nouvelle phase de travaux d\u00e9marre sur l\u2019avenue Rockefeller, entre la\u00a0rue Viala\u00a0et le\u00a0boulevard Pinel\u00a0(3e et 8e arrondissements). Ce chantier se poursuivra\u00a0jusqu\u2019\u00e0 la fin de l\u2019ann\u00e9e 2025, indique la collectivit\u00e9.<\/p>\n<p>Ces travaux s\u2019inscrivent dans le vaste projet de la\u00a0Voie Lyonnaise 12, destin\u00e9e \u00e0 relier \u00e0 terme le\u00a09e arrondissement de Lyon \u00e0 Bron, via plusieurs axes majeurs dont le Chemin Neuf et l\u2019avenue Rockefeller. D\u2019autres interventions sont \u00e9galement pr\u00e9vues\u00a0entre novembre et d\u00e9cembre\u00a0sur les carrefours\u00a0Rockefeller\/Laprade\u00a0et\u00a0Rockefeller\/Eug\u00e9nie.<\/p>\n<p>Malgr\u00e9 les engins et les barri\u00e8res de chantier, la M\u00e9tropole assure que la\u00a0circulation automobile restera possible dans le sens Lyon \u2013 Bron, tout comme les\u00a0cheminements cyclables, les\u00a0acc\u00e8s aux riverains\u00a0et le\u00a0passage des transports en commun. Objectif affich\u00e9 :\u00a0p\u00e9renniser la piste cyclable\u00a0et\u00a0s\u00e9curiser les travers\u00e9es pi\u00e9tonnes\u00a0d\u2019ici la fin de l\u2019ann\u00e9e.<\/p>\n<p>Cette portion de la Voie Lyonnaise 12 n\u2019est toutefois pas exempte de pol\u00e9miques. L\u2019exp\u00e9rimentation men\u00e9e depuis plusieurs mois sur Rockefeller \u2013\u00a0fermeture partielle aux voitures et passage en sens unique\u00a0\u2013 continue de diviser. Le\u00a0maire de Bron J\u00e9r\u00e9mie Br\u00e9aud (LR)\u00a0avait vivement <a href=\"https:\/\/www.lyonmag.com\/article\/145007\/voie-lyonnaise-n-12-perennisee-avenue-rockefeller-le-maire-de-bron-denonce-une-decision-lyonno-lyonnaise\" target=\"_blank\" rel=\"noopener\">critiqu\u00e9<\/a> cette d\u00e9cision.<\/p>\n<p>Du c\u00f4t\u00e9 du\u00a0Chemin Neuf, autre tron\u00e7on sensible du projet, la circulation restera\u00a0r\u00e9serv\u00e9e aux riverains, pi\u00e9tons et cyclistes, la\u00a0fermeture aux voitures\u00a0\u00e9tant d\u00e9sormais\u00a0d\u00e9finitive. Seul le\u00a0secteur de l\u2019Antiquaille\u00a0verra un\u00a0retour au double sens\u00a0pour, selon la M\u00e9tropole : \u00a0\u00bb r\u00e9\u00e9quilibrer les flux de circulation\u00a0\u00bb \u00a0et\u00a0r\u00e9pondre aux demandes des commer\u00e7ants et habitants.<\/p>\n<p>Avec\u00a019 kilom\u00e8tres pr\u00e9vus \u00e0 l\u2019horizon 2030, la\u00a0Voie Lyonnaise 12\u00a0ambitionne de relier\u00a0l\u2019Ouest \u00e0 l\u2019Est lyonnais, du\u00a09e arrondissement jusqu\u2019\u00e0 Bron et Saint-Priest. Un projet dont le co\u00fbt global d\u00e9passe le million d\u2019euros par kilom\u00e8tre pour l\u2019ensemble des Voies Lyonnaises, et qui continue de remodeler la circulation\u2026 tout en testant la patience des Lyonnais, d\u00e9j\u00e0 cern\u00e9s par les chantiers m\u00e9tropolitains.<\/p>\n","protected":false},"excerpt":{"rendered":"La M\u00e9tropole de Lyon poursuit l\u2019am\u00e9nagement de la Voie Lyonnaise 12. \u00c0 partir de ce\u00a0lundi 27 octobre, une&hellip;\n","protected":false},"author":2,"featured_media":491553,"comment_status":"","ping_status":"","sticky":false,"template":"","format":"standard","meta":{"footnotes":""},"categories":[1889],"tags":[1111,11,2813,2190,2430,1109,251,1112,2811,1777,674,118,1011,27,1922,1110,1114,2428,2810,12,241,316,25,2812,517,800],"class_list":{"0":"post-491886","1":"post","2":"type-post","3":"status-publish","4":"format-standard","5":"has-post-thumbnail","7":"category-lyon","8":"tag-actu","9":"tag-actualites","10":"tag-article","11":"tag-asvel","12":"tag-auvergne-rhone-alpes","13":"tag-breves","14":"tag-culture","15":"tag-depeches","16":"tag-economique","17":"tag-eu","18":"tag-europe","19":"tag-faits-divers","20":"tag-fr","21":"tag-france","22":"tag-info","23":"tag-informations","24":"tag-infos","25":"tag-lyon","26":"tag-lyonmag","27":"tag-news","28":"tag-ol","29":"tag-politique","30":"tag-republique-francaise","31":"tag-sociale","32":"tag-sport","33":"tag-transports"},"share_on_mastodon":{"url":"https:\/\/pubeurope.com\/@fr\/115442516339920828","error":""},"_links":{"self":[{"href":"https:\/\/www.europesays.com\/fr\/wp-json\/wp\/v2\/posts\/491886","targetHints":{"allow":["GET"]}}],"collection":[{"href":"https:\/\/www.europesays.com\/fr\/wp-json\/wp\/v2\/posts"}],"about":[{"href":"https:\/\/www.europesays.com\/fr\/wp-json\/wp\/v2\/types\/post"}],"author":[{"embeddable":true,"href":"https:\/\/www.europesays.com\/fr\/wp-json\/wp\/v2\/users\/2"}],"replies":[{"embeddable":true,"href":"https:\/\/www.europesays.com\/fr\/wp-json\/wp\/v2\/comments?post=491886"}],"version-history":[{"count":0,"href":"https:\/\/www.europesays.com\/fr\/wp-json\/wp\/v2\/posts\/491886\/revisions"}],"wp:featuredmedia":[{"embeddable":true,"href":"https:\/\/www.europesays.com\/fr\/wp-json\/wp\/v2\/media\/491553"}],"wp:attachment":[{"href":"https:\/\/www.europesays.com\/fr\/wp-json\/wp\/v2\/media?parent=491886"}],"wp:term":[{"taxonomy":"category","embeddable":true,"href":"https:\/\/www.europesays.com\/fr\/wp-json\/wp\/v2\/categories?post=491886"},{"taxonomy":"post_tag","embeddable":true,"href":"https:\/\/www.europesays.com\/fr\/wp-json\/wp\/v2\/tags?post=491886"}],"curies":[{"name":"wp","href":"https:\/\/api.w.org\/{rel}","templated":true}]}}