{"id":491887,"date":"2025-10-26T21:09:17","date_gmt":"2025-10-26T21:09:17","guid":{"rendered":"https:\/\/www.europesays.com\/fr\/491887\/"},"modified":"2025-10-26T21:09:17","modified_gmt":"2025-10-26T21:09:17","slug":"un-suspect-en-garde-a-vue","status":"publish","type":"post","link":"https:\/\/www.europesays.com\/fr\/491887\/","title":{"rendered":"un suspect en garde \u00e0 vue"},"content":{"rendered":"<p>Au lendemain de la mort d\u2019un homme de 37 ans, tu\u00e9 par arme blanche t\u00f4t samedi matin \u00e0 V\u00e9nissieux, l\u2019enqu\u00eate confi\u00e9e \u00e0 la DCT (Division de la criminalit\u00e9 territoriale, ex-S\u00fbret\u00e9 d\u00e9partementale) a progress\u00e9 rapidement.<\/p>\n<p>Selon les informations du Progr\u00e8s, un homme s\u2019est en effet pr\u00e9sent\u00e9 ce dimanche 26\u00a0octobre \u00e0 la police, en s\u2019accusant d\u2019\u00eatre l\u2019auteur du meurtre. Il a \u00e9t\u00e9 interpell\u00e9 et place en garde \u00e0 vue. Le mobile de son geste n\u2019est pas encore clairement \u00e9tabli, mais l\u2019hypoth\u00e8se d\u2019un contentieux priv\u00e9, \u00e0 l\u2019issue d\u2019une soir\u00e9e arros\u00e9e, est privil\u00e9gi\u00e9e par rapport \u00e0 celle d\u2019un r\u00e8glement de comptes sur fond de trafic.<\/p>\n<p>L\u2019auteur du meurtre aurait accus\u00e9 la victime de vol, alors qu\u2019elle se trouvait dans sa voiture, et serait revenu lui demander des comptes. La discussion aurait alors d\u00e9g\u00e9n\u00e9r\u00e9, jusqu\u2019au geste fatal.<\/p>\n<p>Frapp\u00e9 \u00e0 l&rsquo;abdomen<\/p>\n<p>Samedi matin vers 5 heures, la victime se trouvait boulevard Ir\u00e8ne Joliot-Curie quand une voiture s\u2019est arr\u00eat\u00e9e \u00e0 sa hauteur, au niveau de la station de tramway \u00ab\u00a0La Borelle\u00a0\u00bb. Un homme en est descendu et a parl\u00e9 avec le trentenaire, avant de le frapper \u00e0 l\u2019abdomen avec arme blanche, probablement un couteau.<\/p>\n<p>Il a ensuite quitt\u00e9 les lieux tandis que la victime a fait quelques pas en titubant, avant de s\u2019effondrer une dizaine de m\u00e8tres plus loin, sur les voies du tramway. Malgr\u00e9 l\u2019intervention rapide des secours, le trentenaire n\u2019a pas surv\u00e9cu \u00e0 ses blessures et son d\u00e9c\u00e8s a \u00e9t\u00e9 constat\u00e9 sur place.<\/p>\n<p>Selon les d\u00e9clarations de l\u2019homme qui s\u2019accuse du meurtre, lui-m\u00eame et la victime \u00e9taient tr\u00e8s alcoolis\u00e9s. L\u2019autopsie permettra notamment de d\u00e9terminer l\u2019alcool\u00e9mie de la victime.<\/p>\n","protected":false},"excerpt":{"rendered":"Au lendemain de la mort d\u2019un homme de 37 ans, tu\u00e9 par arme blanche t\u00f4t samedi matin \u00e0&hellip;\n","protected":false},"author":2,"featured_media":491888,"comment_status":"","ping_status":"","sticky":false,"template":"","format":"standard","meta":{"footnotes":""},"categories":[1889],"tags":[1111,11,2430,271,272,3152,1777,674,274,107,1011,27,2428,12,25,2429,4375,4407],"class_list":{"0":"post-491887","1":"post","2":"type-post","3":"status-publish","4":"format-standard","5":"has-post-thumbnail","7":"category-lyon","8":"tag-actu","9":"tag-actualites","10":"tag-auvergne-rhone-alpes","11":"tag-crime","12":"tag-delit-et-contravention","13":"tag-edition-est-lyonnais","14":"tag-eu","15":"tag-europe","16":"tag-faits-divers-justice","17":"tag-fil-info","18":"tag-fr","19":"tag-france","20":"tag-lyon","21":"tag-news","22":"tag-republique-francaise","23":"tag-rhone","24":"tag-venissieux","25":"tag-venissieux-bassin"},"share_on_mastodon":{"url":"https:\/\/pubeurope.com\/@fr\/115442520098602743","error":""},"_links":{"self":[{"href":"https:\/\/www.europesays.com\/fr\/wp-json\/wp\/v2\/posts\/491887","targetHints":{"allow":["GET"]}}],"collection":[{"href":"https:\/\/www.europesays.com\/fr\/wp-json\/wp\/v2\/posts"}],"about":[{"href":"https:\/\/www.europesays.com\/fr\/wp-json\/wp\/v2\/types\/post"}],"author":[{"embeddable":true,"href":"https:\/\/www.europesays.com\/fr\/wp-json\/wp\/v2\/users\/2"}],"replies":[{"embeddable":true,"href":"https:\/\/www.europesays.com\/fr\/wp-json\/wp\/v2\/comments?post=491887"}],"version-history":[{"count":0,"href":"https:\/\/www.europesays.com\/fr\/wp-json\/wp\/v2\/posts\/491887\/revisions"}],"wp:featuredmedia":[{"embeddable":true,"href":"https:\/\/www.europesays.com\/fr\/wp-json\/wp\/v2\/media\/491888"}],"wp:attachment":[{"href":"https:\/\/www.europesays.com\/fr\/wp-json\/wp\/v2\/media?parent=491887"}],"wp:term":[{"taxonomy":"category","embeddable":true,"href":"https:\/\/www.europesays.com\/fr\/wp-json\/wp\/v2\/categories?post=491887"},{"taxonomy":"post_tag","embeddable":true,"href":"https:\/\/www.europesays.com\/fr\/wp-json\/wp\/v2\/tags?post=491887"}],"curies":[{"name":"wp","href":"https:\/\/api.w.org\/{rel}","templated":true}]}}