{"id":491893,"date":"2025-10-26T21:14:19","date_gmt":"2025-10-26T21:14:19","guid":{"rendered":"https:\/\/www.europesays.com\/fr\/491893\/"},"modified":"2025-10-26T21:14:19","modified_gmt":"2025-10-26T21:14:19","slug":"dix-personnes-jugees-a-paris-a-partir-de-lundi-liberation","status":"publish","type":"post","link":"https:\/\/www.europesays.com\/fr\/491893\/","title":{"rendered":"dix personnes jug\u00e9es \u00e0 Paris \u00e0 partir de lundi \u2013 Lib\u00e9ration"},"content":{"rendered":"<p class=\"sc-cPiKLX AiZTS text-element\">Elu, galeriste, enseignant, m\u00e9dium, informaticien\u2026 <a href=\"https:\/\/www.liberation.fr\/politique\/jean-michel-trogneux-devenu-brigitte-macron-une-obsession-qui-touche-des-gens-de-tous-les-ages-de-tous-les-horizons-20240316_X5KQ4CHGYJD6ZCMLSXP424CHHU\/\" target=\"_blank\" rel=\"noreferrer nofollow noopener\" title=\"https:\/\/www.liberation.fr\/politique\/jean-michel-trogneux-devenu-brigitte-macron-une-obsession-qui-touche-des-gens-de-tous-les-ages-de-tous-les-horizons-20240316_X5KQ4CHGYJD6ZCMLSXP424CHHU\/\">Huit hommes et deux femmes<\/a> sont jug\u00e9s ce lundi 27 octobre et mardi devant le tribunal correctionnel de Paris pour cyberharc\u00e8lement <a href=\"https:\/\/www.liberation.fr\/idees-et-debats\/tribunes\/madame-macron-en-voulant-laver-votre-honneur-vous-alimentez-la-stigmatisation-des-personnes-transgenres-20250731_OHB2PQKI7NA2TMWFMILAM2UNN4\/\" target=\"_blank\" rel=\"noreferrer nofollow noopener\" title=\"https:\/\/www.liberation.fr\/idees-et-debats\/tribunes\/madame-macron-en-voulant-laver-votre-honneur-vous-alimentez-la-stigmatisation-des-personnes-transgenres-20250731_OHB2PQKI7NA2TMWFMILAM2UNN4\/\">sexiste, transphobe et complotiste<\/a> \u00e0 l\u2019encontre de Brigitte Macron. Les pr\u00e9venus encourent jusqu\u2019\u00e0 deux ans d\u2019emprisonnement. <\/p>\n<p class=\"sc-cPiKLX AiZTS text-element\">Ag\u00e9s de 41 \u00e0 60 ans, les mis en cause sont soup\u00e7onn\u00e9s d\u2019avoir tenu \u00e0 l\u2019\u00e9gard de Brigitte Macron de nombreux propos malveillants sur son \u00abgenre\u00bb, sa \u00absexualit\u00e9\u00bb, assimilant sa diff\u00e9rence d\u2019\u00e2ge avec son mari \u00e0 de la \u00abp\u00e9dophilie\u00bb, selon le parquet de Paris.  <\/p>\n<p class=\"sc-cPiKLX AiZTS text-element\">L\u2019enqu\u00eate pour cyberharc\u00e8lement a \u00e9t\u00e9 confi\u00e9e \u00e0 la brigade de r\u00e9pression de la d\u00e9linquance contre la personne (BRDP) apr\u00e8s une plainte d\u00e9pos\u00e9e par Brigitte Macron le 27 ao\u00fbt 2024, conduisant \u00e0 plusieurs vagues d\u2019interpellations, notamment en d\u00e9cembre 2024 et en f\u00e9vrier 2025. <\/p>\n<p class=\"sc-cPiKLX AiZTS text-element\">Sollicit\u00e9 par l\u2019AFP, l\u2019avocat de Brigitte Macron, Me Jean Ennochi, n\u2019a pas donn\u00e9 suite, ni voulu dire si la premi\u00e8re dame serait pr\u00e9sente ou absente \u00e0 l\u2019audience.<\/p>\n<p class=\"sc-cPiKLX AiZTS text-element\">Parmi les pr\u00e9venus, le publicitaire Aur\u00e9lien Poirson-Atlan, 41 ans, connu et suivi sur les r\u00e9seaux sociaux sous le pseudonyme de <a href=\"https:\/\/www.liberation.fr\/checknews\/2020\/02\/19\/qui-est-zoe-sagan-l-un-des-premiers-comptes-a-avoir-diffuse-le-lien-de-l-affaire-griveaux_1778879\/\" target=\"_blank\" rel=\"noreferrer nofollow noopener\" title=\"https:\/\/www.liberation.fr\/checknews\/2020\/02\/19\/qui-est-zoe-sagan-l-un-des-premiers-comptes-a-avoir-diffuse-le-lien-de-l-affaire-griveaux_1778879\/\">\u00abZo\u00e9 Sagan\u00bb<\/a>. Son compte X, suspendu depuis, a fait l\u2019objet de plusieurs plaintes et est souvent pr\u00e9sent\u00e9 comme li\u00e9 aux sph\u00e8res complotistes. <\/p>\n<p class=\"sc-cPiKLX AiZTS text-element\">Outre ses propos visant Brigitte Macron, Zo\u00e9 Sagan est connu pour avoir diffus\u00e9 sur les r\u00e9seaux sociaux les <a href=\"https:\/\/www.liberation.fr\/societe\/police-justice\/videos-de-benjamin-griveaux-un-proces-pour-lever-le-voile-sur-les-derniers-mysteres-de-laffaire-20230627_W6RQH676HRH3BF23XXUFAPXO44\/\" target=\"_blank\" rel=\"noreferrer nofollow noopener\" title=\"https:\/\/www.liberation.fr\/societe\/police-justice\/videos-de-benjamin-griveaux-un-proces-pour-lever-le-voile-sur-les-derniers-mysteres-de-laffaire-20230627_W6RQH676HRH3BF23XXUFAPXO44\/\">vid\u00e9os \u00e0 caract\u00e8re sexuel de Benjamin Griveaux<\/a>, macroniste qui avait renonc\u00e9 en f\u00e9vrier 2020 \u00e0 briguer la mairie de Paris pour le parti pr\u00e9sidentiel \u00e0 la suite du scandale. <\/p>\n<p class=\"sc-cPiKLX AiZTS text-element\">Son avocat, le m\u00e9diatique <a href=\"https:\/\/www.liberation.fr\/societe\/police-justice\/lavocat-juan-branco-suspendu-neuf-mois-pour-avoir-viole-le-secret-de-lenquete-le-visant-pour-viol-20251024_E7USACHNWBGJDHUGQZ7UCHYIGQ\/\" target=\"_blank\" rel=\"noreferrer nofollow noopener\" title=\"https:\/\/www.liberation.fr\/societe\/police-justice\/lavocat-juan-branco-suspendu-neuf-mois-pour-avoir-viole-le-secret-de-lenquete-le-visant-pour-viol-20251024_E7USACHNWBGJDHUGQZ7UCHYIGQ\/\">Juan Branco, vient toutefois d\u2019\u00eatre suspendu<\/a> pour une dur\u00e9e neuf mois, pour avoir viol\u00e9 le secret de l\u2019enqu\u00eate le visant pour viol, a-t-on appris vendredi 24 octobre. Cela pourrait donc poser probl\u00e8me pour la comparution d\u2019Aur\u00e9lien Poirson-Atlan, voire pour la tenue de l\u2019audience. <\/p>\n<p class=\"sc-cPiKLX AiZTS text-element\">Autre personne \u00e0 \u00eatre jug\u00e9e : la \u00abm\u00e9dium\u00bb, \u00abjournaliste\u00bb et \u00ablanceuse d\u2019alerte\u00bb de 51 ans, Delphine J., connue sous le pseudo d\u2019Amandine Roy. Elle a largement contribu\u00e9 \u00e0 relayer la rumeur, selon laquelle Brigitte Macron, n\u00e9e Trogneux, serait en r\u00e9alit\u00e9 une femme transgenre dont le pr\u00e9nom de naissance \u00e9tait Jean-Michel.<\/p>\n<p class=\"sc-cPiKLX AiZTS text-element\">Delphine J. n\u2019a fait que \u00abrebondir sur l\u2019actualit\u00e9\u00bb, selon son avocate, Maud Marian, ajoutant \u00abque aucun message n\u2019a directement \u00e9t\u00e9 adress\u00e9 \u00e0 madame Macron\u00bb. Condamn\u00e9e pour diffamation en premi\u00e8re instance en septembre 2024 par la justice fran\u00e7aise, aux c\u00f4t\u00e9s de Natacha Rey, \u00e0 payer plusieurs milliers d\u2019euros de dommages et int\u00e9r\u00eats \u00e0 Brigitte Macron et 5 000 euros \u00e0 son fr\u00e8re Jean-Michel Trogneux, elle a \u00e9t\u00e9 relax\u00e9e en appel le 10 juillet dernier. Brigitte Macron et son fr\u00e8re se sont <a href=\"https:\/\/www.liberation.fr\/societe\/police-justice\/fake-news-transphobe-contre-brigitte-macron-la-premiere-dame-et-son-frere-se-pourvoient-en-cassation-20250714_BPGYHAOY3BENVNAQY2AQXZUJUI\/\" target=\"_blank\" rel=\"noreferrer nofollow noopener\" title=\"https:\/\/www.liberation.fr\/societe\/police-justice\/fake-news-transphobe-contre-brigitte-macron-la-premiere-dame-et-son-frere-se-pourvoient-en-cassation-20250714_BPGYHAOY3BENVNAQY2AQXZUJUI\/\">pourvus en cassation<\/a> contre cette d\u00e9cision. <\/p>\n<p class=\"sc-cPiKLX AiZTS text-element\">L\u2019\u00e9cart d\u2019\u00e2ge de vingt-quatre ans entre les \u00e9poux Macron explique, en partie, la propagation de cette rumeur qui s\u2019est export\u00e9e bien au-del\u00e0 du pays. N\u00e9e d\u00e8s l\u2019\u00e9lection d\u2019Emmanuel Macron en 2017, l\u2019infox transphobe est devenue virale aux Etats-Unis o\u00f9 le couple pr\u00e9sidentiel a engag\u00e9 cet \u00e9t\u00e9 des poursuites contre la <a href=\"https:\/\/www.liberation.fr\/politique\/face-aux-accusations-transphobes-de-lamericaine-candace-owens-le-couple-macron-engage-des-enqueteurs-20250812_X3W5ERRBHNB5PDE2CHRWZXDJYE\/\" target=\"_blank\" rel=\"noreferrer nofollow noopener\" title=\"https:\/\/www.liberation.fr\/politique\/face-aux-accusations-transphobes-de-lamericaine-candace-owens-le-couple-macron-engage-des-enqueteurs-20250812_X3W5ERRBHNB5PDE2CHRWZXDJYE\/\">podcasteuse d\u2019extr\u00eame droite Candace Owens<\/a>, auteure d\u2019une s\u00e9rie de vid\u00e9os intitul\u00e9e Becoming Brigitte (\u00abdevenir Brigitte\u00bb). <\/p>\n<p class=\"sc-cPiKLX AiZTS text-element\">Plusieurs des personnes, qui seront jug\u00e9es \u00e0 Paris pour cyberharc\u00e8lement, ont relay\u00e9 des publications de l\u2019influenceuse Maga. Sur la une d\u00e9tourn\u00e9e du magazine Time, o\u00f9 Brigitte Macron appara\u00eet en \u00abhomme de l\u2019ann\u00e9e\u00bb, on peut lire le mot \u00abExcellent\u00bb. Dans une autre publication, un pr\u00e9venu relaie la pr\u00e9sence de \u00ab2 000 personnes\u00bb pr\u00eates \u00e0 aller faire du \u00abporte-\u00e0-porte \u00e0 Amiens pour y voir clair dans l\u2019affaire Brigitte\u00bb, promettant l\u2019implication de blogueurs am\u00e9ricains. <\/p>\n","protected":false},"excerpt":{"rendered":"Elu, galeriste, enseignant, m\u00e9dium, informaticien\u2026 Huit hommes et deux femmes sont jug\u00e9s ce lundi 27 octobre et mardi&hellip;\n","protected":false},"author":2,"featured_media":491894,"comment_status":"","ping_status":"","sticky":false,"template":"","format":"standard","meta":{"footnotes":""},"categories":[1888],"tags":[1111,1928,11,1927,986,1073,1777,674,1011,27,12,1926,626,1925,25,12707],"class_list":{"0":"post-491893","1":"post","2":"type-post","3":"status-publish","4":"format-standard","5":"has-post-thumbnail","7":"category-paris","8":"tag-actu","9":"tag-actu-paris","10":"tag-actualites","11":"tag-actualites-paris","12":"tag-brigitte-macron","13":"tag-emmanuel-macron","14":"tag-eu","15":"tag-europe","16":"tag-fr","17":"tag-france","18":"tag-news","19":"tag-news-paris","20":"tag-paris","21":"tag-paris-news","22":"tag-republique-francaise","23":"tag-transphobie"},"share_on_mastodon":{"url":"https:\/\/pubeurope.com\/@fr\/115442539907792254","error":""},"_links":{"self":[{"href":"https:\/\/www.europesays.com\/fr\/wp-json\/wp\/v2\/posts\/491893","targetHints":{"allow":["GET"]}}],"collection":[{"href":"https:\/\/www.europesays.com\/fr\/wp-json\/wp\/v2\/posts"}],"about":[{"href":"https:\/\/www.europesays.com\/fr\/wp-json\/wp\/v2\/types\/post"}],"author":[{"embeddable":true,"href":"https:\/\/www.europesays.com\/fr\/wp-json\/wp\/v2\/users\/2"}],"replies":[{"embeddable":true,"href":"https:\/\/www.europesays.com\/fr\/wp-json\/wp\/v2\/comments?post=491893"}],"version-history":[{"count":0,"href":"https:\/\/www.europesays.com\/fr\/wp-json\/wp\/v2\/posts\/491893\/revisions"}],"wp:featuredmedia":[{"embeddable":true,"href":"https:\/\/www.europesays.com\/fr\/wp-json\/wp\/v2\/media\/491894"}],"wp:attachment":[{"href":"https:\/\/www.europesays.com\/fr\/wp-json\/wp\/v2\/media?parent=491893"}],"wp:term":[{"taxonomy":"category","embeddable":true,"href":"https:\/\/www.europesays.com\/fr\/wp-json\/wp\/v2\/categories?post=491893"},{"taxonomy":"post_tag","embeddable":true,"href":"https:\/\/www.europesays.com\/fr\/wp-json\/wp\/v2\/tags?post=491893"}],"curies":[{"name":"wp","href":"https:\/\/api.w.org\/{rel}","templated":true}]}}