{"id":491897,"date":"2025-10-26T21:16:12","date_gmt":"2025-10-26T21:16:12","guid":{"rendered":"https:\/\/www.europesays.com\/fr\/491897\/"},"modified":"2025-10-26T21:16:12","modified_gmt":"2025-10-26T21:16:12","slug":"le-rolex-paris-masters-voit-plus-grand-pour-entrer-dans-une-nouvelle-ere","status":"publish","type":"post","link":"https:\/\/www.europesays.com\/fr\/491897\/","title":{"rendered":"le Rolex Paris Masters voit plus grand pour entrer dans une nouvelle \u00e8re"},"content":{"rendered":"<p>\n    <strong>R\u00c9CIT &#8211;<\/strong> Le Masters 1000 parisien a quitt\u00e9 Bercy et prend pour la premi\u00e8re fois ses quartiers \u00e0 Paris La\u00a0D\u00e9fense Arena jusqu\u2019au 2\u00a0novembre. L\u2019ambiance s\u2019annonce unique.<\/p>\n<p class=\"fig-paragraph\">C\u2019est \u00e0 Nanterre (Hauts-de-Seine), dans la plus grande enceinte d\u2019Europe et ses 10\u00a0000\u00a0m2, habitu\u00e9e au rugby et aux concerts g\u00e9ants, que le Rolex Paris Masters va f\u00eater son 40e\u00a0anniversaire apr\u00e8s trente-neuf ans \u00e0 Bercy. Une nouvelle \u00e8re pour un tournoi, d\u00e9sormais li\u00e9 \u00e0\u00a0<a href=\"http:\/\/www.lefigaro.fr\/medias\/rolex-paris-masters-a-paris-la-defense-arena-comment-l-ex-bercy-s-est-vu-ravir-l-emblematique-tournoi-de-tennis-20251014\" target=\"_blank\" data-fig-type=\"Article\" rel=\"noopener nofollow\" data-gtm-custom-categorie=\"navigation\" data-gtm-custom-action=\"crossclick\" data-gtm-custom-label=\"Contextuel\" data-gtm-event=\"customEventSPE\" data-fig-domain=\"LEFIGARO\">Paris La D\u00e9fense Arena<\/a>\u00a0pour au moins dix ans. Les travaux de montage complexes de la nouvelle salle du Masters 1000 parisien pour les \u00e9quipes de la FFT et leurs prestataires ont d\u00e9but\u00e9 lundi 13\u00a0octobre et les joueurs ont pu fouler le nouvel \u00e9crin le jeudi 23\u00a0octobre pour prendre le pouls de la salle. Un ambitieux d\u00e9fi de logistique et un r\u00e9sultat assez bluffant. Un peu \u00e0 l\u2019\u00e9troit dans l\u2019Est parisien \u00e0 l\u2019Accor Arena, l\u2019\u00e9lite mondiale dispose d\u00e9sormais de 1\u00a0200 m2 comprenant vestiaires, restaurant, salon. Dans une nouvelle dimension, le tournoi propose quatre courts de comp\u00e9tition et un d\u2019entra\u00eenement, de la m\u00eame hauteur de plafond (37\u00a0m\u00e8tres), avec une capacit\u00e9 totale de 25\u00a0500\u00a0places.<\/p>\n<p class=\"fig-paragraph\">Le Central et ses 17\u00a0500\u00a0places, le d\u00e9sormais\u2026<\/p>\n<p class=\"fig-premium-paywall__infos\">\n        Cet article est r\u00e9serv\u00e9 aux abonn\u00e9s.        Il vous reste 84% \u00e0 d\u00e9couvrir.\n    <\/p>\n<p>                <img  data- alt=\"Le Figaro\" class=\"fig-img--complete fig-img\"\/><\/p>\n<p class=\"fig-premium-paywall__title\">Vous avez envie de lire la suite ?<\/p>\n<p class=\"fig-premium-paywall__subtitle\">D\u00e9bloquez tous les articles imm\u00e9diatement.<\/p>\n<p class=\"fig-premium-paywall__connect\">\n                D\u00e9j\u00e0 abonn\u00e9\u00a0?                <a class=\"fig-premium-paywall__connect-link\" href=\"https:\/\/connect.lefigaro.fr\/login?client=horizon_web&amp;type=main&amp;redirect_uri=https%3A%2F%2Fwww.lefigaro.fr%2Fsports%2Ftennis%2Ftennis-agrandi-le-rolex-paris-masters-entre-dans-une-nouvelle-ere-20251026\" data-js-gtm=\"{&quot;customCategorie&quot;: &quot;conversion&quot;, &quot;customAction&quot;: &quot;before_Landing_Connexion_paywall_auto&quot;, &quot;customLabel&quot;: &quot;bGVmaWdhcm8uZnJfXzFmMGIyODMxLWU3YjYtNjE3OC05ZTBkLTRkYWQ3ZGJjODU2Y19fQXJ0aWNsZQ==_Tennis\u00a0: le Rolex Paris Masters voit plus grand pour entrer dans une nouvelle \u00e8re_36&quot;, &quot;customIDSPE&quot;: &quot;bGVmaWdhcm8uZnJfXzFmMGIyODMxLWU3YjYtNjE3OC05ZTBkLTRkYWQ3ZGJjODU2Y19fQXJ0aWNsZQ==&quot;, &quot;event&quot;: &quot;customEventSPE&quot;}\" rel=\"nofollow noopener\" target=\"_blank\"><br \/>\n                    Connectez-vous<br \/>\n                <\/a>\n            <\/p>\n","protected":false},"excerpt":{"rendered":"R\u00c9CIT &#8211; Le Masters 1000 parisien a quitt\u00e9 Bercy et prend pour la premi\u00e8re fois ses quartiers \u00e0&hellip;\n","protected":false},"author":2,"featured_media":491898,"comment_status":"","ping_status":"","sticky":false,"template":"","format":"standard","meta":{"footnotes":""},"categories":[1888],"tags":[11,7779,1777,674,1011,27,6672,12,626,25],"class_list":{"0":"post-491897","1":"post","2":"type-post","3":"status-publish","4":"format-standard","5":"has-post-thumbnail","7":"category-paris","8":"tag-actualites","9":"tag-carlos-alcaraz","10":"tag-eu","11":"tag-europe","12":"tag-fr","13":"tag-france","14":"tag-masters","15":"tag-news","16":"tag-paris","17":"tag-republique-francaise"},"share_on_mastodon":{"url":"https:\/\/pubeurope.com\/@fr\/115442547723963292","error":""},"_links":{"self":[{"href":"https:\/\/www.europesays.com\/fr\/wp-json\/wp\/v2\/posts\/491897","targetHints":{"allow":["GET"]}}],"collection":[{"href":"https:\/\/www.europesays.com\/fr\/wp-json\/wp\/v2\/posts"}],"about":[{"href":"https:\/\/www.europesays.com\/fr\/wp-json\/wp\/v2\/types\/post"}],"author":[{"embeddable":true,"href":"https:\/\/www.europesays.com\/fr\/wp-json\/wp\/v2\/users\/2"}],"replies":[{"embeddable":true,"href":"https:\/\/www.europesays.com\/fr\/wp-json\/wp\/v2\/comments?post=491897"}],"version-history":[{"count":0,"href":"https:\/\/www.europesays.com\/fr\/wp-json\/wp\/v2\/posts\/491897\/revisions"}],"wp:featuredmedia":[{"embeddable":true,"href":"https:\/\/www.europesays.com\/fr\/wp-json\/wp\/v2\/media\/491898"}],"wp:attachment":[{"href":"https:\/\/www.europesays.com\/fr\/wp-json\/wp\/v2\/media?parent=491897"}],"wp:term":[{"taxonomy":"category","embeddable":true,"href":"https:\/\/www.europesays.com\/fr\/wp-json\/wp\/v2\/categories?post=491897"},{"taxonomy":"post_tag","embeddable":true,"href":"https:\/\/www.europesays.com\/fr\/wp-json\/wp\/v2\/tags?post=491897"}],"curies":[{"name":"wp","href":"https:\/\/api.w.org\/{rel}","templated":true}]}}