{"id":491899,"date":"2025-10-26T21:17:13","date_gmt":"2025-10-26T21:17:13","guid":{"rendered":"https:\/\/www.europesays.com\/fr\/491899\/"},"modified":"2025-10-26T21:17:13","modified_gmt":"2025-10-26T21:17:13","slug":"vladimir-poutine-presente-le-nouveau-missile-de-la-russie-pour-faire-peur-a-leurope","status":"publish","type":"post","link":"https:\/\/www.europesays.com\/fr\/491899\/","title":{"rendered":"Vladimir Poutine pr\u00e9sente le nouveau missile de la Russie pour faire \u00ab\u00a0peur \u00e0 l\u2019Europe\u00a0\u00bb"},"content":{"rendered":"<p class=\"article-p mdl\">C\u2019est une nouvelle menace de la Russie envers l\u2019Europe. Alors que le discours de Donald Trump est en train de changer, apr\u00e8s l\u2019annulation du projet de rencontre avec Vladimir Poutine \u00e0 Budapest, et la\u00a0<a class=\"link\" href=\"https:\/\/www.rtl.fr\/actu\/international\/guerre-en-ukraine-les-nouvelles-sanctions-americaines-et-europeennes-peuvent-elles-vraiment-freiner-moscou-7900557632\" title=\"Guerre en Ukraine : les nouvelles sanctions am\u00e9ricaines et europ\u00e9ennes peuvent-elles vraiment freiner Moscou ?\" rel=\"nofollow noopener\" target=\"_blank\">nouvelle vague de sanctions\u00a0<\/a>contre la Russie de la part de l\u2019Europe et des \u00c9tats-Unis, le Kremlin riposte.<\/p>\n<p class=\"article-p mdl\">Ce matin du dimanche 26 octobre, Vladimir Poutine a pr\u00e9sent\u00e9, <strong>en treillis militaire lors d\u2019une r\u00e9union de hauts grad\u00e9s<\/strong>, le Burevestnik, un nouveau missile de croisi\u00e8re \u00e0 propulsion nucl\u00e9aire. Sa port\u00e9e est estim\u00e9e \u00e0 20.000 km et il en aurait parcouru 14.000 lors des derniers essais. <strong>\u00ab\u00a0Personne d\u2019autre dans le monde ne poss\u00e8de cette arme\u00a0\u00bb<\/strong>, a-t-il dit \u00e0 ses g\u00e9n\u00e9raux. Pour le g\u00e9n\u00e9ral J\u00e9r\u00f4me Pellistrandi, r\u00e9dacteur en chef de la revue D\u00e9fense Nationale, <strong>cette arme \u00ab\u00a0constitue une vraie menace, notamment contre l\u2019Europe\u00a0\u00bb.<\/strong><\/p>\n<p>            L\u2019Europe est plus vis\u00e9e que les \u00c9tats-Unis<\/p>\n<p class=\"article-p mdl\">Bien que les \u00c9tats-Unis ne poss\u00e8dent pas d\u2019arme \u00e9quivalente, \u00ab\u00a0ils ont des armes qui sont capables de faire les m\u00eames effets\u00a0\u00bb, souligne le g\u00e9n\u00e9ral au micro de RTL. Moscou prend donc de l\u2019avance dans ce domaine, ce qui permet \u00e0<a class=\"link\" href=\"https:\/\/www.rtl.fr\/actu\/international\/agace-par-des-conversations-qui-ne-vont-nulle-part-avec-poutine-trump-annonce-des-sanctions-contre-le-petrole-russe-7900557496\" title=\"Agac\u00e9 par des conversations qui &quot;ne vont nulle part&quot; avec Poutine, Trump annonce des sanctions contre le p\u00e9trole russe\" rel=\"nofollow noopener\" target=\"_blank\"> Vladimir Poutine<\/a>\u00a0\u00ab\u00a0de <strong>r\u00e9affirmer sa volont\u00e9 de puissance\u00a0\u00bb.<\/strong><\/p>\n<p class=\"article-p mdl\"><strong>\u00ab\u00a0C&rsquo;est une menace directe qu&rsquo;il adresse \u00e0 l\u2019Europe\u00a0\u00bb<\/strong>, souligne J\u00e9r\u00f4me Pellistrandi. \u00ab\u00a0Pas tellement aux \u00c9tats-Unis, parce que les \u00c9tats-Unis disposent d&rsquo;un tel arsenal nucl\u00e9aire que jamais les Russes n&rsquo;oseraient s&rsquo;aventurer \u00e0 une escalade nucl\u00e9aire. Par contre, l&rsquo;Europe se retrouve en quelque sorte en premi\u00e8re ligne\u00a0\u00bb.<\/p>\n<p class=\"article-p mdl\">Cette annonce de la part du pr\u00e9sident russe intervient le jour o\u00f9\u00a0<a class=\"link\" href=\"https:\/\/www.rtl.fr\/actu\/international\/donald-trump-co-signe-un-accord-de-cessez-le-feu-entre-cambodge-et-thailande-7900558420\" title=\"Donald Trump co-signe un accord de cessez-le-feu entre Cambodge et Tha\u00eflande\" rel=\"nofollow noopener\" target=\"_blank\">Donald Trump<\/a>\u00a0a entam\u00e9 sa tourn\u00e9e en Asie, pendant laquelle il va notamment rencontrer son homologue chinois Xi Jinping. \u00ab\u00a0\u00c7a permet en quelque sorte de rappeler que Poutine se consid\u00e8re comme un des grands, voire comme l&rsquo;\u00e9quivalent de Donald Trump, donc c&rsquo;est vraiment une fuite en avant et la volont\u00e9 de faire peur, et en particulier \u00e0 l\u2019Europe\u00a0\u00bb, explique le g\u00e9n\u00e9ral \u00e0 notre micro.<\/p>\n<p>    La r\u00e9daction vous recommande<\/p>\n<p class=\"s-newsletter__title\">\n                L\u2019actualit\u00e9 par la r\u00e9daction de RTL dans votre bo\u00eete mail.\n            <\/p>\n<p class=\"s-newsletter__subtitle\">\n                Gr\u00e2ce \u00e0 votre compte RTL abonnez-vous \u00e0 la newsletter RTL info pour suivre toute l&rsquo;actualit\u00e9 au quotidien\n            <\/p>\n<p>\n                                    Lire la suite\n                                <\/p>\n","protected":false},"excerpt":{"rendered":"C\u2019est une nouvelle menace de la Russie envers l\u2019Europe. Alors que le discours de Donald Trump est en&hellip;\n","protected":false},"author":2,"featured_media":368159,"comment_status":"","ping_status":"","sticky":false,"template":"","format":"standard","meta":{"footnotes":""},"categories":[1591],"tags":[11,6060,309,75,73,674,1887,107,131,3343,12,362,1885,1886,132,220,364,135,134,7084],"class_list":{"0":"post-491899","1":"post","2":"type-post","3":"status-publish","4":"format-standard","5":"has-post-thumbnail","7":"category-russie","8":"tag-actualites","9":"tag-asie","10":"tag-chine","11":"tag-donald-trump","12":"tag-etats-unis","13":"tag-europe","14":"tag-federation-de-russie","15":"tag-fil-info","16":"tag-guerre-en-ukraine","17":"tag-missile","18":"tag-news","19":"tag-replay","20":"tag-russia","21":"tag-russian-federation","22":"tag-russie","23":"tag-ukraine","24":"tag-union-europeenne","25":"tag-vladimir-poutine","26":"tag-volodymyr-zelensky","27":"tag-xi-jinping"},"share_on_mastodon":{"url":"https:\/\/pubeurope.com\/@fr\/115442551618426313","error":""},"_links":{"self":[{"href":"https:\/\/www.europesays.com\/fr\/wp-json\/wp\/v2\/posts\/491899","targetHints":{"allow":["GET"]}}],"collection":[{"href":"https:\/\/www.europesays.com\/fr\/wp-json\/wp\/v2\/posts"}],"about":[{"href":"https:\/\/www.europesays.com\/fr\/wp-json\/wp\/v2\/types\/post"}],"author":[{"embeddable":true,"href":"https:\/\/www.europesays.com\/fr\/wp-json\/wp\/v2\/users\/2"}],"replies":[{"embeddable":true,"href":"https:\/\/www.europesays.com\/fr\/wp-json\/wp\/v2\/comments?post=491899"}],"version-history":[{"count":0,"href":"https:\/\/www.europesays.com\/fr\/wp-json\/wp\/v2\/posts\/491899\/revisions"}],"wp:featuredmedia":[{"embeddable":true,"href":"https:\/\/www.europesays.com\/fr\/wp-json\/wp\/v2\/media\/368159"}],"wp:attachment":[{"href":"https:\/\/www.europesays.com\/fr\/wp-json\/wp\/v2\/media?parent=491899"}],"wp:term":[{"taxonomy":"category","embeddable":true,"href":"https:\/\/www.europesays.com\/fr\/wp-json\/wp\/v2\/categories?post=491899"},{"taxonomy":"post_tag","embeddable":true,"href":"https:\/\/www.europesays.com\/fr\/wp-json\/wp\/v2\/tags?post=491899"}],"curies":[{"name":"wp","href":"https:\/\/api.w.org\/{rel}","templated":true}]}}