{"id":49190,"date":"2025-04-24T12:48:08","date_gmt":"2025-04-24T12:48:08","guid":{"rendered":"https:\/\/www.europesays.com\/fr\/49190\/"},"modified":"2025-04-24T12:48:08","modified_gmt":"2025-04-24T12:48:08","slug":"andrea-kimi-antonelli-etait-souffrant-a-djeddah","status":"publish","type":"post","link":"https:\/\/www.europesays.com\/fr\/49190\/","title":{"rendered":"Andrea Kimi Antonelli \u00e9tait souffrant \u00e0 Djeddah"},"content":{"rendered":"<p>Andrea Kimi Antonelli a de nouveau affich\u00e9 un niveau de performance encourageant sur le circuit de la Corniche le week-end dernier. Qualifi\u00e9 cinqui\u00e8me, l\u2019Italien a souffert en course en raison de surchauffes de ses pneumatiques et n\u2019a franchi le drapeau \u00e0 damier qu\u2019en septi\u00e8me position.<\/p>\n<p>N\u00e9anmoins, les pneus n\u2019ont pas \u00e9t\u00e9 sa seule difficult\u00e9 : le prodige \u00e9tait \u00e9galement malade. Cette information n\u2019a \u00e9t\u00e9 communiqu\u00e9e que tardivement par Simone Resta, le directeur adjoint de l\u2019\u00e9curie, <a href=\"https:\/\/www.youtube.com\/watch?v=9ARmwgQ-BBg\" target=\"_blank\" rel=\"noopener\">sur la cha\u00eene YouTube de Mercedes-AMG<\/a>. \u00ab Kimi ne se sentait pas bien dimanche matin, a r\u00e9v\u00e9l\u00e9 l\u2019ing\u00e9nieur italien. C\u2019est probablement li\u00e9 \u00e0 quelque chose qu\u2019il a mang\u00e9 la veille. Ce fut une course tr\u00e8s difficile pour lui ; ne pas \u00eatre \u00e0 100 %, ce n\u2019est pas l\u2019id\u00e9al, mais il s\u2019en est bien sorti. On a pu voir que tous les pilotes \u00e9taient fatigu\u00e9s apr\u00e8s la course, donc c\u2019est une autre \u00e9tape importante dans son apprentissage. \u00bb \u00c0 l\u2019arriv\u00e9e du Grand Prix, Andrea Kimi Antonelli semblait \u00e9puis\u00e9 et son p\u00e8re, Marco, a d\u00fb l\u2019\u00e9pauler pour se d\u00e9placer.<\/p>\n<p>Antonelli, meilleur rookie<\/p>\n<p>Courageux, le pilote <a href=\"https:\/\/www.autohebdo.fr\/actualites\/ecurie\/mercedes\" data-internallinksmanager029f6b8e52c=\"80\" title=\"Ecurie Mercedes F1\" target=\"_blank\" rel=\"noopener\">Mercedes<\/a> a \u00e9t\u00e9 en mesure de prendre son mal en patience et sa tare n\u2019a pas entach\u00e9 le tableau des d\u00e9buts. Impressionnant par sa r\u00e9gularit\u00e9, l\u2019italien est le seul rookie pr\u00e9sent sur la grille cette ann\u00e9e \u00e0 n\u2019avoir commis aucune erreur majeure depuis le d\u00e9but de la saison. Quatre fois dans les points lors de ses cinq premiers Grands Prix en <a href=\"https:\/\/www.autohebdo.fr\/actualites\/f1\" data-internallinksmanager029f6b8e52c=\"1\" title=\"F1\" target=\"_blank\" rel=\"noopener\">Formule 1<\/a> \u2013 \u00e0 noter que sa onzi\u00e8me place \u00e0 Bahre\u00efn est due \u00e0 une strat\u00e9gie manqu\u00e9e de son \u00e9quipe, sans quoi il aurait \u00e9galement int\u00e9gr\u00e9 le top 10 \u2013, ses d\u00e9buts sont solides et satisfont pleinement son directeur d\u2019\u00e9curie, l\u2019Autrichien <a href=\"https:\/\/www.autohebdo.fr\/actualites\/tag\/toto-wolff\" data-internallinksmanager029f6b8e52c=\"17\" title=\"Toto Wolff\" target=\"_blank\" rel=\"noopener\">Toto Wolff<\/a> : \u00ab Je suis vraiment content que sa trajectoire de progression soit la bonne. \u00bb<\/p>\n<p>La prochaine \u00e9tape pour le surdou\u00e9 sera Miami, un circuit qu\u2019il ne conna\u00eet pas encore. Avec 38 points au compteur, le pilote Mercedes est actuellement sixi\u00e8me du classement pilotes. Il devance un certain\u2026 <a href=\"https:\/\/www.autohebdo.fr\/pilote\/f1\/lewis-hamilton-2\" data-internallinksmanager029f6b8e52c=\"41\" title=\"Lewis Hamilton\" target=\"_blank\" rel=\"noopener\">Lewis Hamilton<\/a> (31 points).<\/p>\n<p><strong>\u00c0 LIRE AUSSI &gt;\u00a0<a href=\"https:\/\/www.autohebdo.fr\/actualites\/f1\/vasseur-se-plaint-de-la-difference-de-traitement-entre-hamilton-et-verstappen.html\" target=\"_blank\" rel=\"noopener\">Vasseur se plaint de la diff\u00e9rence de traitement entre Hamilton et Verstappen<\/a><\/strong><\/p>\n","protected":false},"excerpt":{"rendered":"Andrea Kimi Antonelli a de nouveau affich\u00e9 un niveau de performance encourageant sur le circuit de la Corniche&hellip;\n","protected":false},"author":2,"featured_media":49191,"comment_status":"","ping_status":"","sticky":false,"template":"","format":"standard","meta":{"footnotes":""},"categories":[1412],"tags":[14101,11597,1451,1452,1453,1454,1455,1011,27,4320,60],"class_list":{"0":"post-49190","1":"post","2":"type-post","3":"status-publish","4":"format-standard","5":"has-post-thumbnail","7":"category-f1","8":"tag-antonelli","9":"tag-djeddah","10":"tag-f1","11":"tag-formula-1","12":"tag-formula1","13":"tag-formule-1","14":"tag-formule1","15":"tag-fr","16":"tag-france","17":"tag-mercedes","18":"tag-sports"},"share_on_mastodon":{"url":"https:\/\/pubeurope.com\/@fr\/114393022756084905","error":""},"_links":{"self":[{"href":"https:\/\/www.europesays.com\/fr\/wp-json\/wp\/v2\/posts\/49190","targetHints":{"allow":["GET"]}}],"collection":[{"href":"https:\/\/www.europesays.com\/fr\/wp-json\/wp\/v2\/posts"}],"about":[{"href":"https:\/\/www.europesays.com\/fr\/wp-json\/wp\/v2\/types\/post"}],"author":[{"embeddable":true,"href":"https:\/\/www.europesays.com\/fr\/wp-json\/wp\/v2\/users\/2"}],"replies":[{"embeddable":true,"href":"https:\/\/www.europesays.com\/fr\/wp-json\/wp\/v2\/comments?post=49190"}],"version-history":[{"count":0,"href":"https:\/\/www.europesays.com\/fr\/wp-json\/wp\/v2\/posts\/49190\/revisions"}],"wp:featuredmedia":[{"embeddable":true,"href":"https:\/\/www.europesays.com\/fr\/wp-json\/wp\/v2\/media\/49191"}],"wp:attachment":[{"href":"https:\/\/www.europesays.com\/fr\/wp-json\/wp\/v2\/media?parent=49190"}],"wp:term":[{"taxonomy":"category","embeddable":true,"href":"https:\/\/www.europesays.com\/fr\/wp-json\/wp\/v2\/categories?post=49190"},{"taxonomy":"post_tag","embeddable":true,"href":"https:\/\/www.europesays.com\/fr\/wp-json\/wp\/v2\/tags?post=49190"}],"curies":[{"name":"wp","href":"https:\/\/api.w.org\/{rel}","templated":true}]}}