{"id":491904,"date":"2025-10-26T21:20:29","date_gmt":"2025-10-26T21:20:29","guid":{"rendered":"https:\/\/www.europesays.com\/fr\/491904\/"},"modified":"2025-10-26T21:20:29","modified_gmt":"2025-10-26T21:20:29","slug":"cela-sera-t-il-aussi-le-cas-en-france","status":"publish","type":"post","link":"https:\/\/www.europesays.com\/fr\/491904\/","title":{"rendered":"cela sera-t-il aussi le cas en France ?"},"content":{"rendered":"<p>On savait d\u00e9j\u00e0 que \u00e7a allait arriver, c\u2019est officiel : Spotify augmente ses prix au Royaume-Uni. L\u2019abonnement de base co\u00fbte une livre de plus par mois. Une augmentation qui ne devrait pas arriver en France et pour une bonne raison.<\/p>\n<p>\u00c0 lire \u00e9galement : <a href=\"https:\/\/rotek.fr\/apk-spotify-cracke-ne-fonctionnent-plus-fin\/\" rel=\"nofollow noopener\" target=\"_blank\">Les APK de Spotify crack\u00e9 ne fonctionnent plus : et si c\u2019\u00e9tait la fin ?<\/a><\/p>\n<p>L\u2019abonnement Spotify augmente encore au Royaume-Uni<\/p>\n<p>Spotify a augment\u00e9 le prix de ses abonnements Premium au Royaume-Uni <a href=\"https:\/\/news.sky.com\/story\/spotify-hikes-uk-subscription-prices-13456304\" rel=\"nofollow noopener\" target=\"_blank\">\u00e0 partir du 25 octobre 2025<\/a>. Tous les abonn\u00e9s ont re\u00e7u ce samedi un mail expliquant ce changement tarifaire que Spotify justifie par ses investissements dans de nouvelles fonctionnalit\u00e9s. Les abonn\u00e9s individuels passent de 11,99 \u00a3 \u00e0 12,99 \u00a3 par mois, soit une hausse de 8,3%. Les abonnements Duo et Famille ont \u00e9galement augment\u00e9, respectivement \u00e0 17,99 \u00a3 et 21,99 \u00a3 par mois, tandis que l\u2019offre \u00e9tudiante reste inchang\u00e9e \u00e0 5,99 \u00a3.<\/p>\n<p>Les abonn\u00e9s b\u00e9n\u00e9ficient d\u2019un mois de gr\u00e2ce \u00e0 l\u2019ancien tarif avant le passage au nouveau prix. \u00c9videmment, les abonn\u00e9s au service ne sont pas contents, puisqu\u2019il ne s\u2019agit pas de la premi\u00e8re augmentation de tarif.<\/p>\n<p>Pourquoi cette augmentation n\u2019arrivera pas en France<\/p>\n<p>Cette augmentation s\u2019inscrit dans une strat\u00e9gie globale de Spotify, qui a d\u00e9j\u00e0 relev\u00e9 ses prix dans plusieurs pays europ\u00e9ens et internationaux en 2025. Dont la France, o\u00f9 les prix avaient d\u00e9j\u00e0 \u00e9t\u00e9 relev\u00e9s en juin et juillet 2025 : c\u2019est pourquoi l\u2019augmentation n\u2019arrivera pas chez nous. Il s\u2019agit en fait du Royaume-Uni qui voit l\u2019augmentation arriver apr\u00e8s nous.<\/p>\n<p><img loading=\"lazy\" decoding=\"async\" width=\"720\" height=\"480\" src=\"https:\/\/www.europesays.com\/fr\/wp-content\/uploads\/2025\/10\/spotify.jpg\" alt=\"Modifier le design de Spotify\" class=\"wp-image-12417 lazy\"  data-\/><\/p>\n<p>Le prix de l\u2019abonnement individuel Premium \u00e9tait pass\u00e9 \u00e0 12,14 \u20ac par mois, le Duo \u00e0 17,20 \u20ac, le Famille \u00e0 21,24 \u20ac, et l\u2019\u00c9tudiant \u00e0 7,07 \u20ac. Ces hausses avaient \u00e9t\u00e9 appliqu\u00e9es \u00e0 tous les abonn\u00e9s, anciens et nouveaux, repr\u00e9sentant entre 9% et 17% d\u2019augmentation selon le forfait. Pour le moment, aucune nouvelle hausse imm\u00e9diate n\u2019est annonc\u00e9e pour la France, mais d\u2019autres pays europ\u00e9ens vont voir le prix augmenter \u00e0 11,99 euros dans les prochains mois (il est de 12,14 euros chez nous \u00e0 cause de la TVA sur les services num\u00e9riques).<\/p>\n","protected":false},"excerpt":{"rendered":"On savait d\u00e9j\u00e0 que \u00e7a allait arriver, c\u2019est officiel : Spotify augmente ses prix au Royaume-Uni. L\u2019abonnement de&hellip;\n","protected":false},"author":2,"featured_media":491905,"comment_status":"","ping_status":"","sticky":false,"template":"","format":"standard","meta":{"footnotes":""},"categories":[1588],"tags":[11,1777,674,12,473,1853,6852,61454,1851,1850,1852],"class_list":{"0":"post-491904","1":"post","2":"type-post","3":"status-publish","4":"format-standard","5":"has-post-thumbnail","7":"category-royaume-uni","8":"tag-actualites","9":"tag-eu","10":"tag-europe","11":"tag-news","12":"tag-royaume-uni","13":"tag-royaume-uni-de-grande-bretagne-et-dirlande-du-nord","14":"tag-spotify","15":"tag-streaming-musical","16":"tag-uk","17":"tag-united-kingdom","18":"tag-united-kingdom-of-great-britain-and-northern-ireland"},"share_on_mastodon":{"url":"https:\/\/pubeurope.com\/@fr\/115442563983303472","error":""},"_links":{"self":[{"href":"https:\/\/www.europesays.com\/fr\/wp-json\/wp\/v2\/posts\/491904","targetHints":{"allow":["GET"]}}],"collection":[{"href":"https:\/\/www.europesays.com\/fr\/wp-json\/wp\/v2\/posts"}],"about":[{"href":"https:\/\/www.europesays.com\/fr\/wp-json\/wp\/v2\/types\/post"}],"author":[{"embeddable":true,"href":"https:\/\/www.europesays.com\/fr\/wp-json\/wp\/v2\/users\/2"}],"replies":[{"embeddable":true,"href":"https:\/\/www.europesays.com\/fr\/wp-json\/wp\/v2\/comments?post=491904"}],"version-history":[{"count":0,"href":"https:\/\/www.europesays.com\/fr\/wp-json\/wp\/v2\/posts\/491904\/revisions"}],"wp:featuredmedia":[{"embeddable":true,"href":"https:\/\/www.europesays.com\/fr\/wp-json\/wp\/v2\/media\/491905"}],"wp:attachment":[{"href":"https:\/\/www.europesays.com\/fr\/wp-json\/wp\/v2\/media?parent=491904"}],"wp:term":[{"taxonomy":"category","embeddable":true,"href":"https:\/\/www.europesays.com\/fr\/wp-json\/wp\/v2\/categories?post=491904"},{"taxonomy":"post_tag","embeddable":true,"href":"https:\/\/www.europesays.com\/fr\/wp-json\/wp\/v2\/tags?post=491904"}],"curies":[{"name":"wp","href":"https:\/\/api.w.org\/{rel}","templated":true}]}}