{"id":491910,"date":"2025-10-26T21:23:15","date_gmt":"2025-10-26T21:23:15","guid":{"rendered":"https:\/\/www.europesays.com\/fr\/491910\/"},"modified":"2025-10-26T21:23:15","modified_gmt":"2025-10-26T21:23:15","slug":"5-ans-plus-tard-cette-serie-netflix-pour-laquelle-on-a-eu-un-coup-de-coeur-est-de-retour-mais-pourrait-bien-gacher-une-fin-parfaite","status":"publish","type":"post","link":"https:\/\/www.europesays.com\/fr\/491910\/","title":{"rendered":"5 ans plus tard, cette s\u00e9rie Netflix pour laquelle on a eu un coup de c\u0153ur est de retour mais pourrait bien g\u00e2cher une fin parfaite"},"content":{"rendered":"<p>Surprise ! Cinq ans apr\u00e8s la mise en ligne de sa saison 2, cette s\u00e9rie norv\u00e9gienne pour laquelle on a eu un coup de c\u0153ur s&rsquo;appr\u00eate \u00e0 faire son grand retour sur Netflix avec une salve in\u00e9dite. Les abonn\u00e9s n&rsquo;auront pas \u00e0 attendre tr\u00e8s longtemps, puisque la fiction qui sent bon No\u00ebl arrive en d\u00e9cembre.<\/p>\n<p><a href=\"https:\/\/www.programme-tv.net\/guide-netflix\/\" target=\"_blank\" rel=\"noopener\">Netflix <\/a>regorge de <a href=\"https:\/\/www.programme-tv.net\/news\/series-tv\/265979-netflix-nos-3-series-coups-de-coeur-de-noel-a-devorer\/\" data-api-deeplink=\"teleloisirs:\/\/news\/265979\" target=\"_blank\" rel=\"noopener\">s\u00e9ries m\u00e9connues qui valent le coup d&rsquo;\u0153il<\/a>. Parmi elles, Home for Christmas qui reviendra sur nos \u00e9crans avec une troisi\u00e8me saison&#8230; apr\u00e8s cinq ans d&rsquo;absence. D\u00e8s le 12 d\u00e9cembre prochain, les abonn\u00e9s pourront enfin visionner <a href=\"https:\/\/www.programme-tv.net\/news\/series-tv\/361865-surprise-quatre-ans-apres-cette-pepite-meconnue-de-netflix-revient-pour-une-saison-3\/\" data-api-deeplink=\"teleloisirs:\/\/news\/361865\" target=\"_blank\" rel=\"noopener\">la nouvelle salve d&rsquo;\u00e9pisodes de la s\u00e9rie norv\u00e9gienne <\/a>qui se d\u00e9roulera cinq ans apr\u00e8s les \u00e9v\u00e9nements survenus dans la saison pr\u00e9c\u00e9dente. De quoi modifier la fin de la saison 2 qui nous avait tant plu. Johanne a 35 ans et est de nouveau un c\u0153ur \u00e0 prendre. Des mois se sont \u00e9coul\u00e9s depuis sa rupture avec Jonas et la jeune femme s&rsquo;occupe tant bien que mal pour ne pas se sentir seule. Elle aide ses fr\u00e8res et s\u0153urs, s&rsquo;occupe de son p\u00e8re trop seul et accepte m\u00eame un poste \u00e0 responsabilit\u00e9 \u00e0 l&rsquo;h\u00f4pital. Alors qu&rsquo;elle replonge dans le tourbillon des rencontres, Johanne r\u00e9alise que ce n&rsquo;est plus tout \u00e0 fait comme avant. La s\u00e9rie nous offrira-t-elle une autre belle surprise avec cette troisi\u00e8me salve ?<\/p>\n<p>                        <b>Home for Christmas<\/b><b> : quels acteurs et actrices seront de retour dans la saison 3 tant attendue ? <\/b><\/p>\n<p>Comme on pouvait s&rsquo;y attendre, Ida Elise Broch reprendra son r\u00f4le de Johanne dans la saison 3 de Home for Christmas. Dennis Storh\u00f8i (Tor), Christian Ruud Kallum (Morten) et Anette Hoff (Jorid) seront \u00e9galement au rendez-vous, tout comme Helga Guren (Maria), Hege Sch\u00f8yen (Bente), Iselin Shumba (Jeannette) et Felix Sandman (Jonas). En plus du casting principal, de nouveaux visages feront leur apparition, comme Gard L\u00f8kke, John Carew, Herman T\u00f8mmeraas, Felicia Danielsson, Bj\u00f8rn Sundquist et Janne Heltberg.<\/p>\n<p><b>En attendant la saison 3 de <\/b><b>Home for Christmas<\/b><b>, d\u00e9couvrez cette autre s\u00e9rie avec Ida Elise Broch<\/b><\/p>\n<p>Pour rester dans l&rsquo;ambiance de No\u00ebl, les abonn\u00e9s Netflix peuvent aussi d\u00e9couvrir <a href=\"https:\/\/www.programme-tv.net\/news\/series-tv\/316604-pas-nunuche-ni-degoulinante-cette-serie-inattendue-surprend-les-spectateurs-sur-netflix\/\" data-api-deeplink=\"teleloisirs:\/\/news\/316604\" target=\"_blank\" rel=\"noopener\">Temp\u00eate de No\u00ebl<\/a>. R\u00e9unissant Ida Elise Broch et Hanna Ard\u00e9hn, la mini-s\u00e9rie suit un groupe de personnes qui arrive \u00e0 l&rsquo;a\u00e9roport d&rsquo;Oslo, certaines pour accueillir leurs proches, d&rsquo;autres pour rejoindre leur famille et d&rsquo;autres encore pour fuir les f\u00eates. Mais tous ces projets vont \u00eatre radicalement boulevers\u00e9s quand tout le monde se retrouve bloqu\u00e9 sur place alors que No\u00ebl approche \u00e0 grands pas.<\/p>\n<p>Article \u00e9crit en collaboration avec 6M\u00e9dias<\/p>\n","protected":false},"excerpt":{"rendered":"Surprise ! Cinq ans apr\u00e8s la mise en ligne de sa saison 2, cette s\u00e9rie norv\u00e9gienne pour laquelle&hellip;\n","protected":false},"author":2,"featured_media":491911,"comment_status":"","ping_status":"","sticky":false,"template":"","format":"standard","meta":{"footnotes":""},"categories":[1586],"tags":[11,1409,5334,244,1777,674,1779,1011,27,61458,61460,127,12,1722,25,1721,129,1778,364,61459],"class_list":{"0":"post-491910","1":"post","2":"type-post","3":"status-publish","4":"format-standard","5":"has-post-thumbnail","7":"category-europe","8":"tag-actualites","9":"tag-bande-annonce","10":"tag-channel_bandes-annonces","11":"tag-commentaire","12":"tag-eu","13":"tag-europe","14":"tag-european-union","15":"tag-fr","16":"tag-france","17":"tag-guid_6106048233001","18":"tag-home-for-christmas","19":"tag-netflix","20":"tag-news","21":"tag-pub-streaming-netflix","22":"tag-republique-francaise","23":"tag-su00e9rie-netflix","24":"tag-svod","25":"tag-ue","26":"tag-union-europeenne","27":"tag-uuid_2bffa731-86b2-4d38-a25a-c44056bc3973"},"share_on_mastodon":{"url":"https:\/\/pubeurope.com\/@fr\/115442575223500156","error":""},"_links":{"self":[{"href":"https:\/\/www.europesays.com\/fr\/wp-json\/wp\/v2\/posts\/491910","targetHints":{"allow":["GET"]}}],"collection":[{"href":"https:\/\/www.europesays.com\/fr\/wp-json\/wp\/v2\/posts"}],"about":[{"href":"https:\/\/www.europesays.com\/fr\/wp-json\/wp\/v2\/types\/post"}],"author":[{"embeddable":true,"href":"https:\/\/www.europesays.com\/fr\/wp-json\/wp\/v2\/users\/2"}],"replies":[{"embeddable":true,"href":"https:\/\/www.europesays.com\/fr\/wp-json\/wp\/v2\/comments?post=491910"}],"version-history":[{"count":0,"href":"https:\/\/www.europesays.com\/fr\/wp-json\/wp\/v2\/posts\/491910\/revisions"}],"wp:featuredmedia":[{"embeddable":true,"href":"https:\/\/www.europesays.com\/fr\/wp-json\/wp\/v2\/media\/491911"}],"wp:attachment":[{"href":"https:\/\/www.europesays.com\/fr\/wp-json\/wp\/v2\/media?parent=491910"}],"wp:term":[{"taxonomy":"category","embeddable":true,"href":"https:\/\/www.europesays.com\/fr\/wp-json\/wp\/v2\/categories?post=491910"},{"taxonomy":"post_tag","embeddable":true,"href":"https:\/\/www.europesays.com\/fr\/wp-json\/wp\/v2\/tags?post=491910"}],"curies":[{"name":"wp","href":"https:\/\/api.w.org\/{rel}","templated":true}]}}