{"id":491919,"date":"2025-10-26T21:30:17","date_gmt":"2025-10-26T21:30:17","guid":{"rendered":"https:\/\/www.europesays.com\/fr\/491919\/"},"modified":"2025-10-26T21:30:17","modified_gmt":"2025-10-26T21:30:17","slug":"brest-open-groupe-vert-hugo-gaston-la-cerise-sur-le-gateau-pour-le-toulousain-qui-aime-la-bretagne","status":"publish","type":"post","link":"https:\/\/www.europesays.com\/fr\/491919\/","title":{"rendered":"Brest Open Groupe Vert\u00a0: Hugo Gaston, la cerise sur le g\u00e2teau pour le Toulousain qui aime la Bretagne"},"content":{"rendered":"<p>Si on pouvait craindre de voir le Toulousain (25 ans) \u00ab\u00a0balancer\u00a0\u00bb son match en milieu de semaine pour disputer le bien plus r\u00e9mun\u00e9rateur Rolex Paris Masters, o\u00f9 il b\u00e9n\u00e9ficiait d\u2019une invitation pour prendre part aux qualifications, il a pr\u00e9f\u00e9r\u00e9 capitaliser sur sa pr\u00e9sence \u00e0 Brest. Et bien lui en a pris.<\/p>\n<p>Une deuxi\u00e8me victoire en Bretagne cette ann\u00e9e<\/p>\n<p>D\u00e9j\u00e0 vainqueur du Challenger de Rennes en septembre dernier apr\u00e8s s\u2019\u00eatre impos\u00e9 en finale face au Suisse Stan Wawrinka, un 5e titre en Challenger qui lui avait permis de mettre un terme \u00e0 plus d\u2019un an de disette, Gaston, finaliste \u00e0 Roanne la semaine pass\u00e9e, a confirm\u00e9 sa bonne forme du moment en ajoutant une 6e ligne \u00e0 son palmar\u00e8s ce dimanche, \u00e0 Brest. Si l\u2019air de la Bretagne lui fait visiblement du bien, l\u2019ex-58e joueur mondial (en 2022) rejoint au palmar\u00e8s brestois Corentin Moutet, laur\u00e9at en 2017, Ugo Humbert (2019) et Gr\u00e9goire Barr\u00e8re (2022). Impossible pour les organisateurs de r\u00eaver plus beau cadeau pour cl\u00f4turer cette 10e \u00e9dition.<\/p>\n<p>\u00ab\u00a0C\u2018est hyper gratifiant pour nous d\u2019avoir r\u00e9ussi \u00e0 faire venir Hugo et de le voir jouer \u00e0 fond\u00a0\u00bb, confirme le directeur sportif du tournoi Arnaud Cl\u00e9ment, qui dit n\u2019avoir \u00ab\u00a0pas eu de doute sur son investissement ici, m\u00eame quand la liste des invitations du Masters 1\u00a0000 de Paris sont tomb\u00e9es\u00a0\u00bb.<\/p>\n<p>Un \u00ab\u00a0r\u00e9gal\u00a0\u00bb de tennis pour Arnaud Cl\u00e9ment<\/p>\n<p>Successivement vainqueur de Calvin Hemery (6-1, 7-6), Francesco Maestrelli (7-6, 6-1), Arthur F\u00e9ry (7-6, 7-5) puis du Canadien Alexis Galarneau (6-4, 3-6, 6-4), le spectaculaire gaucher est parvenu \u00e0 inverser le cours d\u2019une finale tr\u00e8s mal embarqu\u00e9e. Face au tr\u00e8s s\u00e9duisant Eliot Spizzirri (23 ans), d\u00e9couverte de l\u2019Open de Brest cette semaine et appel\u00e9 \u00e0 faire parler de lui sur le circuit dans un avenir proche, celui qui s\u2019\u00e9tait r\u00e9v\u00e9l\u00e9 au grand public en atteignant les huiti\u00e8mes de finale \u00e0 Roland-Garros en 2020 a su \u00ab\u00a0s\u2019arracher et faire parler sa science du jeu\u00a0\u00bb pour faire d\u00e9jouer son adversaire et empocher la mise, comme s\u2019est encore f\u00e9licit\u00e9 Cl\u00e9ment.<\/p>\n<p>Pourtant, \u00ab\u00a0\u00e0 6-2, au bout de 25 minutes, je me suis dit que \u00e7a allait \u00eatre compliqu\u00e9\u00a0\u00bb, n\u2019a pas cach\u00e9 le laur\u00e9at de l\u2019\u00e9dition 2025, forc\u00e9ment satisfait de \u00ab\u00a0ne pas avoir l\u00e2ch\u00e9\u00a0\u00bb et d\u2019avoir r\u00e9ussi \u00ab\u00a0\u00e0 mettre (son) jeu en place\u00a0\u00bb, en variant parfaitement et en imposant des changements de rythme incessants \u00e0 l\u2019Am\u00e9ricain. Un \u00ab\u00a0r\u00e9gal\u00a0\u00bb de tennis, tout en touch\u00e9 et agr\u00e9ment\u00e9 de d\u00e9licieuses amorties, venu mettre un point final au plus beau des sc\u00e9narios.<\/p>\n<p class=\"noflex\"><strong>La paire fran\u00e7aise d\u00e9faite en double<\/strong><br \/>Les Tricolores Albano Olivetti et Th\u00e9o Arribag\u00e9 (fils de Dominique, l\u2019ancien joueur du Stade Rennais) se sont inclin\u00e9s 7-6 (5), 7-6 (4) en finale du double contre le N\u00e9erlandais Sem Verbeek et le Belge Sander Gille.<\/p>\n","protected":false},"excerpt":{"rendered":"Si on pouvait craindre de voir le Toulousain (25 ans) \u00ab\u00a0balancer\u00a0\u00bb son match en milieu de semaine pour&hellip;\n","protected":false},"author":2,"featured_media":491920,"comment_status":"","ping_status":"","sticky":false,"template":"","format":"standard","meta":{"footnotes":""},"categories":[1415],"tags":[3450,3166,1011,27,60,1467],"class_list":{"0":"post-491919","1":"post","2":"type-post","3":"status-publish","4":"format-standard","5":"has-post-thumbnail","7":"category-tennis","8":"tag-brest","9":"tag-en-continu-sports","10":"tag-fr","11":"tag-france","12":"tag-sports","13":"tag-tennis"},"share_on_mastodon":{"url":"https:\/\/pubeurope.com\/@fr\/115442602651436834","error":""},"_links":{"self":[{"href":"https:\/\/www.europesays.com\/fr\/wp-json\/wp\/v2\/posts\/491919","targetHints":{"allow":["GET"]}}],"collection":[{"href":"https:\/\/www.europesays.com\/fr\/wp-json\/wp\/v2\/posts"}],"about":[{"href":"https:\/\/www.europesays.com\/fr\/wp-json\/wp\/v2\/types\/post"}],"author":[{"embeddable":true,"href":"https:\/\/www.europesays.com\/fr\/wp-json\/wp\/v2\/users\/2"}],"replies":[{"embeddable":true,"href":"https:\/\/www.europesays.com\/fr\/wp-json\/wp\/v2\/comments?post=491919"}],"version-history":[{"count":0,"href":"https:\/\/www.europesays.com\/fr\/wp-json\/wp\/v2\/posts\/491919\/revisions"}],"wp:featuredmedia":[{"embeddable":true,"href":"https:\/\/www.europesays.com\/fr\/wp-json\/wp\/v2\/media\/491920"}],"wp:attachment":[{"href":"https:\/\/www.europesays.com\/fr\/wp-json\/wp\/v2\/media?parent=491919"}],"wp:term":[{"taxonomy":"category","embeddable":true,"href":"https:\/\/www.europesays.com\/fr\/wp-json\/wp\/v2\/categories?post=491919"},{"taxonomy":"post_tag","embeddable":true,"href":"https:\/\/www.europesays.com\/fr\/wp-json\/wp\/v2\/tags?post=491919"}],"curies":[{"name":"wp","href":"https:\/\/api.w.org\/{rel}","templated":true}]}}