{"id":491949,"date":"2025-10-26T21:51:18","date_gmt":"2025-10-26T21:51:18","guid":{"rendered":"https:\/\/www.europesays.com\/fr\/491949\/"},"modified":"2025-10-26T21:51:18","modified_gmt":"2025-10-26T21:51:18","slug":"saint-genest-lerpt-elle-donne-son-sang-depuis-46-ans-et-a-convaincu-sa-famille-de-prendre-le-relais","status":"publish","type":"post","link":"https:\/\/www.europesays.com\/fr\/491949\/","title":{"rendered":"Saint-Genest-Lerpt. Elle donne son sang depuis 46 ans et a convaincu sa famille de prendre le relais"},"content":{"rendered":"<blockquote class=\"question\"><p>Depuis quand donnez-vous votre sang\u00a0?<\/p><\/blockquote>\n<p>\u00ab\u00a0Je donne depuis l\u2019\u00e2ge de 22 ans. Apr\u00e8s une chute, un ami avait besoin de sang, \u00e7a a \u00e9t\u00e9 mon premier don. Aujourd\u2019hui \u00e2g\u00e9 de 68 ans, je pourrai continuer jusqu\u2019\u00e0 mes 70 ans r\u00e9volus en participant, par exemple, chaque ann\u00e9e aux collectes de l\u2019h\u00f4tel de ville \u00e0 Saint-\u00c9tienne et du stade Geoffroy Guichard.\u00a0\u00a0\u00bb<\/p>\n<blockquote class=\"question\"><p>Avez-vous fait d\u2019autres dons\u00a0?<\/p><\/blockquote>\n<p>\u00ab\u00a0Oui\u00a0: plasma, plaquettes et moelle osseuse. Mais j\u2019ai d\u00fb cesser, \u00e9tant atteinte par la limite d\u2019\u00e2ge qui est de 65 ans. J\u2019ai commenc\u00e9 mes pr\u00e9l\u00e8vements \u00e0 l\u2019h\u00f4pital de Bellevue, avant de me rendre \u00e0 l\u2019\u00c9tablissement fran\u00e7ais du sang de Chateaucreux.\u00a0\u00a0\u00bb<\/p>\n<p>\u00ab On pourrait aujourd\u2019hui assimiler le don \u00e0 une vocation familiale \u00bb<\/p>\n<blockquote class=\"question\"><p>Comment&#8230;<\/p><\/blockquote>\n","protected":false},"excerpt":{"rendered":"Depuis quand donnez-vous votre sang\u00a0? \u00ab\u00a0Je donne depuis l\u2019\u00e2ge de 22 ans. Apr\u00e8s une chute, un ami avait&hellip;\n","protected":false},"author":2,"featured_media":491950,"comment_status":"","ping_status":"","sticky":false,"template":"","format":"standard","meta":{"footnotes":""},"categories":[9653],"tags":[1111,11,2430,7539,1777,674,1011,27,12,25,12491,4001,17929,71],"class_list":{"0":"post-491949","1":"post","2":"type-post","3":"status-publish","4":"format-standard","5":"has-post-thumbnail","7":"category-saint-etienne","8":"tag-actu","9":"tag-actualites","10":"tag-auvergne-rhone-alpes","11":"tag-edition-loire-sud","12":"tag-eu","13":"tag-europe","14":"tag-fr","15":"tag-france","16":"tag-news","17":"tag-republique-francaise","18":"tag-roche-la-moliere-bassin","19":"tag-saint-etienne","20":"tag-saint-genest-lerpt","21":"tag-sante"},"share_on_mastodon":{"url":"https:\/\/pubeurope.com\/@fr\/115442685479884382","error":""},"_links":{"self":[{"href":"https:\/\/www.europesays.com\/fr\/wp-json\/wp\/v2\/posts\/491949","targetHints":{"allow":["GET"]}}],"collection":[{"href":"https:\/\/www.europesays.com\/fr\/wp-json\/wp\/v2\/posts"}],"about":[{"href":"https:\/\/www.europesays.com\/fr\/wp-json\/wp\/v2\/types\/post"}],"author":[{"embeddable":true,"href":"https:\/\/www.europesays.com\/fr\/wp-json\/wp\/v2\/users\/2"}],"replies":[{"embeddable":true,"href":"https:\/\/www.europesays.com\/fr\/wp-json\/wp\/v2\/comments?post=491949"}],"version-history":[{"count":0,"href":"https:\/\/www.europesays.com\/fr\/wp-json\/wp\/v2\/posts\/491949\/revisions"}],"wp:featuredmedia":[{"embeddable":true,"href":"https:\/\/www.europesays.com\/fr\/wp-json\/wp\/v2\/media\/491950"}],"wp:attachment":[{"href":"https:\/\/www.europesays.com\/fr\/wp-json\/wp\/v2\/media?parent=491949"}],"wp:term":[{"taxonomy":"category","embeddable":true,"href":"https:\/\/www.europesays.com\/fr\/wp-json\/wp\/v2\/categories?post=491949"},{"taxonomy":"post_tag","embeddable":true,"href":"https:\/\/www.europesays.com\/fr\/wp-json\/wp\/v2\/tags?post=491949"}],"curies":[{"name":"wp","href":"https:\/\/api.w.org\/{rel}","templated":true}]}}