{"id":491953,"date":"2025-10-26T21:56:14","date_gmt":"2025-10-26T21:56:14","guid":{"rendered":"https:\/\/www.europesays.com\/fr\/491953\/"},"modified":"2025-10-26T21:56:14","modified_gmt":"2025-10-26T21:56:14","slug":"le-mhsc-impressionne-et-le-tfc-defait-a-monaco","status":"publish","type":"post","link":"https:\/\/www.europesays.com\/fr\/491953\/","title":{"rendered":"le MHSC impressionne et le TFC d\u00e9fait \u00e0 Monaco"},"content":{"rendered":"<p><strong>D\u2019un bout \u00e0 l\u2019autre de la journ\u00e9e, le MHSC a sign\u00e9 un match convaincant face \u00e0 l\u2019AS Nancy Lorraine (4-1), en Ligue 2, et le TFC a \u00e9t\u00e9 battu par le plus petit des \u00e9carts (1-0) \u00e0 Monaco, dans la division sup\u00e9rieure.<\/strong><\/p>\n<p><img fetchpriority=\"high\" decoding=\"async\" width=\"1200\" height=\"675\" src=\"https:\/\/www.europesays.com\/fr\/wp-content\/uploads\/2025\/10\/MHSC-Ligue-2-Nancy.png\" alt=\"MHSC TFC Football\"  \/><\/p>\n<p>Nathana\u00ebl Mbuku, \u00e0 gauche, et Khalil Fayad, \u00e0 droite, ont \u00e9t\u00e9 buteurs contre l\u2019AS Nancy Lorraine. \u00a9 Montpellier H\u00e9rault Sport Club<\/p>\n<p>Ce samedi 25 octobre, Toulouse et Montpellier ont connu des sc\u00e9narios diff\u00e9rents. En d\u00e9but d\u2019apr\u00e8s-midi, <strong>le MHSC s\u2019est largement impos\u00e9 face \u00e0 l\u2019AS Nancy Lorraine (4-1)<\/strong>, devant un public combl\u00e9 \u00e0 la Mosson. Les H\u00e9raultais remportent deux matchs cons\u00e9cutifs pour la premi\u00e8re fois de la saison, apr\u00e8s <a href=\"https:\/\/www.lejournaltoulousain.fr\/occitanie\/herault\/montpellier\/ligue-2-mhsc-realise-bonne-operation-dunkerque-341754\/\" rel=\"nofollow noopener\" target=\"_blank\">le succ\u00e8s \u00e0 Dunkerque (0-1)<\/a>. Ils terminent cette onzi\u00e8me journ\u00e9e de Ligue 2 \u00e0 la onzi\u00e8me place du classement. Plus tard, le TFC a eu du mal \u00e0 revenir au contact de l\u2019AS Monaco, apr\u00e8s une ouverture du score pr\u00e9coce. <strong>Les Violets s\u2019inclinaient (1-0) au stade Louis II<\/strong>, malgr\u00e9 une excellente prestation de Guillaume Restes.<\/p>\n<p>Le MHSC tient son match r\u00e9f\u00e9rence<\/p>\n<p>Avant la rencontre, le MHSC comptait seulement deux points d\u2019\u00e9cart au <a href=\"https:\/\/ligue1.com\/fr\/competitions\/ligue2bkt?tab=standings\" target=\"_blank\" rel=\"noopener nofollow\">classement de Ligue 2<\/a> avec l\u2019AS Nancy Lorraine. En ce sens, <strong>la premi\u00e8re p\u00e9riode ne d\u00e9montrait pas une sup\u00e9riorit\u00e9 \u00e9vidente des locaux, \u00e0 la Mosson,<\/strong> mais plut\u00f4t un duel disput\u00e9. Preuve en est, les Nanc\u00e9iens ont lanc\u00e9 les hostilit\u00e9s. \u00c0 la 17\u1d49 minute de jeu, c\u2019est le jeune piston droit Rayan Bamba qui a inscrit le premier but. Quelques minutes plus tard, ce match, \u00e0 l\u2019avantage des visiteurs, prenait une tout autre tournure, suite \u00e0 l\u2019exclusion d\u2019Elydjah Mendy. Le d\u00e9fenseur laissait trainer son pied sur un contact avec un Montpelli\u00e9rain et recevait un second carton jaune.<\/p>\n<p>Ensuite, Becir Omeragic \u00e9tait bien plac\u00e9 dans la surface et ramenait les siens \u00e0 hauteur, juste avant la mi-temps, puis <strong>les locaux ont pris le large en deuxi\u00e8me partie de rencontre.<\/strong> \u00c0 la 48\u1d49 minute de jeu, Khalil Fayad profitait d\u2019un ballon contr\u00e9 pour concr\u00e9tiser un temps fort des siens. Le jeune milieu de terrain inscrivait son premier but de la saison de Ligue 2. Sur la derni\u00e8re demi-heure de jeu, Nicolas Pays (64\u1d49) et Nathana\u00ebl Mbuku (80\u1d49) ouvraient \u00e9galement leurs compteurs sur cet exercice 2025\/2026. Men\u00e9 au score en d\u00e9but de match, le MHSC a fait preuve de caract\u00e8re et s\u2019est impos\u00e9 gr\u00e2ce \u00e0 sa jeunesse, pour un deuxi\u00e8me succ\u00e8s cons\u00e9cutif.<\/p>\n<p>Le TFC \u00e9choue \u00e0 Monaco<\/p>\n<p>Dans la Principaut\u00e9, le TFC a couru apr\u00e8s le score. D\u00e8s la 3\u1d49 minute de jeu, l\u2019international ghan\u00e9en Mohammed Salisu reprenait un somptueux centre de Kassoum Ouattara. Il mettait l\u2019AS Monaco devant, sur la premi\u00e8re occasion franche des locaux. Ensuite, <strong>Guillaume Restes a permis aux Toulousains de ne pas prendre l\u2019eau.<\/strong> Le gardien toulousain s\u2019illustrait avec quelques tr\u00e8s beaux arr\u00eats sur le premier acte, comme \u00e0 la 6\u1d49 et 36\u1d49 minutes de jeu. En parall\u00e8le, les visiteurs peinaient \u00e0 obtenir des solutions dans la surface mon\u00e9gasque, malgr\u00e9 une belle t\u00eate de Charlie Cresswell, quelques instants avant la mi-temps.<\/p>\n<p>Dans le second acte, les Violets ont continu\u00e9 de miser sur leur portier pour \u00e9viter la gifle sur le Rocher. Face \u00e0 eux, Takumi Minamino et ses co\u00e9quipiers peinaient \u00e0 concr\u00e9tiser. La rencontre s\u2019enlisait, alors que les deux camps accusaient un faux rythme. Vers l\u2019heure de jeu, le Toulousain Emersonn a \u00e9t\u00e9 tout proche d\u2019\u00e9galiser avec une superbe t\u00eate qui a surpris Philipp K\u00f6hn, le gardien de l\u2019AS Monaco, mais le ballon file \u00e0 c\u00f4t\u00e9 des cages. <strong>Les Haut-Garonnais se r\u00e9veillaient en fin de match, en vain.<\/strong> Vaincus, ils pointent provisoirement \u00e0 la huiti\u00e8me place du classement de Ligue 1, ce samedi, en d\u00e9but de soir\u00e9e.<\/p>\n","protected":false},"excerpt":{"rendered":"D\u2019un bout \u00e0 l\u2019autre de la journ\u00e9e, le MHSC a sign\u00e9 un match convaincant face \u00e0 l\u2019AS Nancy&hellip;\n","protected":false},"author":2,"featured_media":491954,"comment_status":"","ping_status":"","sticky":false,"template":"","format":"standard","meta":{"footnotes":""},"categories":[9635],"tags":[1111,11,1777,674,61462,1011,27,775,1702,12,25],"class_list":{"0":"post-491953","1":"post","2":"type-post","3":"status-publish","4":"format-standard","5":"has-post-thumbnail","7":"category-nancy","8":"tag-actu","9":"tag-actualites","10":"tag-eu","11":"tag-europe","12":"tag-football-le-mhsc-impressionne-et-le-tfc-du00e9fait-u00e0-monaco","13":"tag-fr","14":"tag-france","15":"tag-grand-est","16":"tag-nancy","17":"tag-news","18":"tag-republique-francaise"},"share_on_mastodon":{"url":"https:\/\/pubeurope.com\/@fr\/115442705525009929","error":""},"_links":{"self":[{"href":"https:\/\/www.europesays.com\/fr\/wp-json\/wp\/v2\/posts\/491953","targetHints":{"allow":["GET"]}}],"collection":[{"href":"https:\/\/www.europesays.com\/fr\/wp-json\/wp\/v2\/posts"}],"about":[{"href":"https:\/\/www.europesays.com\/fr\/wp-json\/wp\/v2\/types\/post"}],"author":[{"embeddable":true,"href":"https:\/\/www.europesays.com\/fr\/wp-json\/wp\/v2\/users\/2"}],"replies":[{"embeddable":true,"href":"https:\/\/www.europesays.com\/fr\/wp-json\/wp\/v2\/comments?post=491953"}],"version-history":[{"count":0,"href":"https:\/\/www.europesays.com\/fr\/wp-json\/wp\/v2\/posts\/491953\/revisions"}],"wp:featuredmedia":[{"embeddable":true,"href":"https:\/\/www.europesays.com\/fr\/wp-json\/wp\/v2\/media\/491954"}],"wp:attachment":[{"href":"https:\/\/www.europesays.com\/fr\/wp-json\/wp\/v2\/media?parent=491953"}],"wp:term":[{"taxonomy":"category","embeddable":true,"href":"https:\/\/www.europesays.com\/fr\/wp-json\/wp\/v2\/categories?post=491953"},{"taxonomy":"post_tag","embeddable":true,"href":"https:\/\/www.europesays.com\/fr\/wp-json\/wp\/v2\/tags?post=491953"}],"curies":[{"name":"wp","href":"https:\/\/api.w.org\/{rel}","templated":true}]}}