{"id":491956,"date":"2025-10-26T21:59:12","date_gmt":"2025-10-26T21:59:12","guid":{"rendered":"https:\/\/www.europesays.com\/fr\/491956\/"},"modified":"2025-10-26T21:59:12","modified_gmt":"2025-10-26T21:59:12","slug":"le-couple-fassio-fait-le-show-chez-les-historiques","status":"publish","type":"post","link":"https:\/\/www.europesays.com\/fr\/491956\/","title":{"rendered":"le couple Fassio fait le show chez les historiques"},"content":{"rendered":"<p>            Par<br \/>\n        <strong><br \/>\n            <a href=\"https:\/\/actu.fr\/auteur\/metropoop\" title=\"Consulter tous les articles de R\u00e9daction M\u00e9tropolitain\" target=\"_blank\" rel=\"noopener\">R\u00e9daction M\u00e9tropolitain<\/a><br \/>\n        <\/strong><\/p>\n<p>        Publi\u00e9 le<\/p>\n<p>            26 oct. 2025 \u00e0 19h59        <\/p>\n<p>En parall\u00e8le de la 66e \u00e9dition du rallye moderne, les 28 \u00e9quipages de <strong>la 16e \u00e9dition du Crit\u00e9rium des C\u00e9vennes<\/strong> version <strong>V\u00e9hicule Historique de Comp\u00e9tition (VHC)<\/strong> a offert un beau spectacle. Un spectacle domin\u00e9 pendant trois jours par <strong>Bertrand et Maguelone Fassio<\/strong>.<\/p>\n<p>Du d\u00e9but \u00e0 la fin<\/p>\n<p class=\" wall-content\">D\u00e9j\u00e0 vainqueur en 2023 et absent de derni\u00e8re minute l\u2019ann\u00e9e derni\u00e8re, Bertand Fassio a survol\u00e9 cette 16e \u00e9dition du Crit\u00e9rium des C\u00e9vennes au volant de sa Porsche 911 Carrera. Et ce malgr\u00e9 un choix de pneus \u00e9tonnant vendredi. Jouant la prudence, il misait sur la pluie quand les autres \u00e9taient plus optimistes. Si la m\u00e9t\u00e9o lui donna tort, parfaitement copilot\u00e9e par sa compagne Maguelone Fassio, le Montpelli\u00e9rain survola les d\u00e9bats dans les trois sp\u00e9ciales, les VHC \u00e9tant \u00e9pargn\u00e9s de la boucle de nuit, de cette premi\u00e8re journ\u00e9e. Dans la cat\u00e9gorie aux allures de combat de couples, les \u00e9quipages David Dufosse \u2013 Justine Touillon (BMW M3) et Pascal Brunel \u2013 Agn\u00e8s Lemerle (Ford Sierra Cosworth) pointaient \u00e0 une trentaine de secondes.<\/p>\n<p class=\" wall-content\">Le samedi se poursuivit sur le m\u00eame rythme. Bertrand Fassio avait d\u00e9j\u00e0 doubl\u00e9 son avance avant d\u2019attaquer la sp\u00e9ciale marathon longue de 45,1km entre Val d\u2019Aigoual et Sum\u00e8ne. Une sp\u00e9ciale dans laquelle il s\u2019illustra tout comme Pascal Brunel et Bastien Roquier (Renault R11). David Dufosse n\u2019\u00e9tant pas tr\u00e8s loin, il conserva sa troisi\u00e8me place au g\u00e9n\u00e9ral. Mais l\u2019\u00e9cart acquis par Bertand Fassio \u00e0 la fin de cette deuxi\u00e8me journ\u00e9e, plus d\u2019une minute trente, ne laissait que peu de doute quant au vainqueur de l\u2019\u00e9preuve. Derri\u00e8re, avec dix secondes d\u2019avance, David Dufosse restait encore sous la menace de Pascal Brunel.<\/p>\n<p>    <img   decoding=\"async\" loading=\"lazy\" src=\"https:\/\/www.europesays.com\/fr\/wp-content\/uploads\/2025\/10\/criterium-des-cevennes-bertrand-maguelone-fassio-960x640.jpg\" alt=\"Bertrand et Maguelone Fassio au volant d'une Porsche 911 Carrera.\" width=\"960\" height=\"640\"\/><br \/>\n    Bertrand et Maguelone Fassio au volant d\u2019une Porsche 911 Carrera. (\u00a9M\u00e9tropolitain)<\/p>\n<p class=\" wall-content\">Davantage sur la r\u00e9serve, Bertrand Fassio laissa \u00e9chapper la premi\u00e8re sp\u00e9ciale de ce dimanche. Ce sera la seule en trois jours. Une sp\u00e9ciale remport\u00e9e par David Dufosse repoussant Pascal Brunel \u00e0 47 secondes. Malgr\u00e9 les efforts de ce dernier qui s\u2019emparait de la deuxi\u00e8me position dans les ultimes sp\u00e9ciales, il ne parvint pas \u00e0 combler son retard. Au final, en ayant jamais quitt\u00e9 la premi\u00e8re position, Bertand et Maguelone Fassio remporte ce 16e Crit\u00e9rium des C\u00e9vennes et se dirigent tranquillement vers le titre de champion de France de rallye VHC qui devrait leur \u00eatre attribu\u00e9 au rallye du Var. Le podium est compl\u00e9t\u00e9 par David Dufosse \u2013 Justine Touillon et Pascal Brunel \u2013 Agn\u00e8s Lemerle.<\/p>\n<p class=\" wall-content\">Personnalisez votre actualit\u00e9 en ajoutant vos villes et m\u00e9dias en favori avec <a href=\"https:\/\/moncompte.actu.fr\" title=\"D\u00e9couvez Mon Actu\" rel=\"nofollow noopener\" data-trk=\"{&quot;cta&quot;:{&quot;action&quot;:&quot;https:\\\/\\\/moncompte.actu.fr&quot;,&quot;category&quot;:&quot;mon compte&quot;,&quot;from&quot;:&quot;article footer&quot;,&quot;name&quot;:&quot;Mon actu&quot;,&quot;type&quot;:&quot;cta&quot;}}\" target=\"_blank\">Mon Actu<\/a>.<\/p>\n","protected":false},"excerpt":{"rendered":"Par R\u00e9daction M\u00e9tropolitain Publi\u00e9 le 26 oct. 2025 \u00e0 19h59 En parall\u00e8le de la 66e \u00e9dition du rallye&hellip;\n","protected":false},"author":2,"featured_media":491957,"comment_status":"","ping_status":"","sticky":false,"template":"","format":"standard","meta":{"footnotes":""},"categories":[9599],"tags":[1111,11,1777,674,1011,27,2208,12,2680,25,60,10200],"class_list":{"0":"post-491956","1":"post","2":"type-post","3":"status-publish","4":"format-standard","5":"has-post-thumbnail","7":"category-montpellier","8":"tag-actu","9":"tag-actualites","10":"tag-eu","11":"tag-europe","12":"tag-fr","13":"tag-france","14":"tag-montpellier","15":"tag-news","16":"tag-occitanie","17":"tag-republique-francaise","18":"tag-sports","19":"tag-sports-mecaniques"},"share_on_mastodon":{"url":"https:\/\/pubeurope.com\/@fr\/115442717746238796","error":""},"_links":{"self":[{"href":"https:\/\/www.europesays.com\/fr\/wp-json\/wp\/v2\/posts\/491956","targetHints":{"allow":["GET"]}}],"collection":[{"href":"https:\/\/www.europesays.com\/fr\/wp-json\/wp\/v2\/posts"}],"about":[{"href":"https:\/\/www.europesays.com\/fr\/wp-json\/wp\/v2\/types\/post"}],"author":[{"embeddable":true,"href":"https:\/\/www.europesays.com\/fr\/wp-json\/wp\/v2\/users\/2"}],"replies":[{"embeddable":true,"href":"https:\/\/www.europesays.com\/fr\/wp-json\/wp\/v2\/comments?post=491956"}],"version-history":[{"count":0,"href":"https:\/\/www.europesays.com\/fr\/wp-json\/wp\/v2\/posts\/491956\/revisions"}],"wp:featuredmedia":[{"embeddable":true,"href":"https:\/\/www.europesays.com\/fr\/wp-json\/wp\/v2\/media\/491957"}],"wp:attachment":[{"href":"https:\/\/www.europesays.com\/fr\/wp-json\/wp\/v2\/media?parent=491956"}],"wp:term":[{"taxonomy":"category","embeddable":true,"href":"https:\/\/www.europesays.com\/fr\/wp-json\/wp\/v2\/categories?post=491956"},{"taxonomy":"post_tag","embeddable":true,"href":"https:\/\/www.europesays.com\/fr\/wp-json\/wp\/v2\/tags?post=491956"}],"curies":[{"name":"wp","href":"https:\/\/api.w.org\/{rel}","templated":true}]}}