{"id":491960,"date":"2025-10-26T22:04:24","date_gmt":"2025-10-26T22:04:24","guid":{"rendered":"https:\/\/www.europesays.com\/fr\/491960\/"},"modified":"2025-10-26T22:04:24","modified_gmt":"2025-10-26T22:04:24","slug":"le-fontanil-cornillon-musique-et-improvisation-sont-au-programme-de-latrium-en-novembre","status":"publish","type":"post","link":"https:\/\/www.europesays.com\/fr\/491960\/","title":{"rendered":"Le Fontanil-Cornillon. Musique et improvisation sont au programme de L\u2019Atrium en novembre"},"content":{"rendered":"<p>  Mardi 4\u00a0novembre (20\u00a0h)\u00a0: Tremplin sc\u00e8ne ouverte<\/p>\n<p>Vous aimez chanter, r\u00e9citer, jouer d\u2019un instrument\u00a0? Venez pr\u00e9senter votre talent sur la sc\u00e8ne de L\u2019Atrium dans le cadre des Tremplins chansons de l\u2019Association pour l\u2019animation culturelle et l\u2019information d\u00e9centralis\u00e9e de l\u2019Is\u00e8re (Acidi).<\/p>\n<p class=\"note\">Deux titres par artiste, soit 10\u00a0minutes sur sc\u00e8ne. Entr\u00e9e libre et gratuite pour les spectateurs (participation au chapeau). Pour les artistes, inscription par mail uniquement\u00a0: acidi.fontanil@gmail.com<\/p>\n<p>  Vendredi 7\u00a0novembre (20\u00a0h\u00a030)\u00a0: Joce Ballerat<\/p>\n<p>Joce Ballerat pr\u00e9sentera Avec ou sans , son nouvel album. L\u2019oubli, les contradictions, les enfants de la guerre, les voisins, une premi\u00e8re passion amoureuse, font partie des th\u00e8mes abord\u00e9s par la chanteuse\u2026 De l\u2019humour et de l\u2019\u00e9motion \u00e0 fleur de voix\u00a0! Joce captive un public vari\u00e9, h\u00e9t\u00e9roclite, tant au niveau des \u00e2ges, des classes sociales et m\u00eame des opinions politiques\u2026 Le m\u00eame jour, de 19\u00a0h \u00e0 21\u00a0h\u00a0: caf\u00e9 livre (entr\u00e9e libre et gratuite) et \u00e0 20\u00a0h\u00a030, soir\u00e9e cabaret chansons anim\u00e9e par des b\u00e9n\u00e9voles de l\u2019Acidi.<\/p>\n<p class=\"note\">Entr\u00e9e gratuite. Repas possible sur r\u00e9servation (15\u00a0\u20ac par personne) servi \u00e0 partir de 19\u00a0h. R\u00e9servation conseill\u00e9e\u00a0avant le jeudi 6\u00a0novembre au 06\u00a029\u00a086\u00a058\u00a081 ou par mail\u00a0: acidi.fontanil@gmail.com<\/p>\n<p>  Vendredi 14\u00a0novembre (20\u00a0h\u00a030)\u00a0: Pat Silverman<\/p>\n<p>Avec son fr\u00e8re Franck \u00e0 la batterie, Pat Silverman propose ses compositions personnelles, influenc\u00e9es par toutes ses rencontres depuis plus de 20 ans. Nico Musso, guitariste et Zoran Trajilovic, auteur et chanteur, compl\u00e8tent le tableau avec talent. Les quatre musiciens nous concoctent un savant m\u00e9lange aux influences blues, pop, rock, jazz\u2026 Des riffs puissants, du groove, des chansons format\u00e9es mais pas trop, qui laissent une belle place \u00e0 l\u2019impro.<\/p>\n<p>Pianiste et chanteur, Victor assurera la premi\u00e8re partie. Il revisite des classiques fran\u00e7ais et anglophones avec talent. De Queen \u00e0 Aznavour, des Beatles \u00e0 Coldplay, seul sur sc\u00e8ne, il apporte sa touche personnelle, en explorant d\u2019autres couleurs vocales et sonores d\u2019un style pop-rock et vari\u00e9t\u00e9.<\/p>\n<p class=\"note\">Tarif\u00a0: 15\u00a0\u20ac et 10\u00a0\u20ac pour les \u00e9tudiants. Billetterie sur\u00a0 alpesconcerts.com<\/p>\n<p>  Vendredi 21\u00a0novembre (20\u00a0h\u00a030)\u00a0: Autour de la musique de Chet Baker avec Laurent Courtois<\/p>\n<p>Le trompettiste Chet Baker est l\u2019une des figures embl\u00e9matiques du jazz des ann\u00e9es 1950-1960. Son jeu semble aller au plus simple, avec un phras\u00e9 tr\u00e8s naturel comme s\u2019il chantait\u2026 Il s\u2019en d\u00e9gage une impression de grande d\u00e9licatesse et paradoxalement, une grande force. \u00c9galement chanteur des plus appr\u00e9ci\u00e9s, son style vocal est le prolongement direct de son jeu de trompette. Sans vibrato et sans aff\u00e9terie, l\u2019artiste semble toujours \u00e0 fleur de peau et d\u2019une fragilit\u00e9 qui nous touche. Ses scats (improvisations en onomatop\u00e9es) rivalisent avec ses propres solos instrumentaux. Vincent Stephan, \u00e0 la trompette et Fabien Sanchez au chant, chacun dans leur sp\u00e9cialit\u00e9, rendront hommage \u00e0 l\u2019immense musicien, jazzman populaire aussi bien aupr\u00e8s du grand public que des connaisseurs.<\/p>\n<p class=\"note\">Tarif\u00a0: 17\u00a0\u20ac. Billetterie en ligne sur alpesconcerts.com et laurentcourtois.com<\/p>\n<p>  Samedi 29\u00a0novembre (20\u00a0h\u00a030)\u00a0: La Brasserie de l\u2019impro<\/p>\n<p>Choisissez dans le menu, un th\u00e8me ou une cat\u00e9gorie, et mettez les com\u00e9diens au d\u00e9fi\u00a0! Un serveur s\u2019occupera de prendre les commandes et vous n\u2019aurez plus qu\u2019\u00e0 d\u00e9guster votre spectacle. Sp\u00e9cialit\u00e9 maison, plat surprise ou gourmandise du chef, il y en aura pour tous les go\u00fbts. Faim d\u2019impro\u00a0? Ce spectacle est fait pour vous\u00a0!<\/p>\n<p class=\"note\">Tarif\u00a0: 10\u00a0\u20ac\/r\u00e9duit\u00a0: 8\u00a0\u20ac. R\u00e9servation en ligne sur latiag.com<\/p>\n<p class=\"note\">Atrium. 1 ter, rue du Moulin.<\/p>\n<p class=\"insetTitle\">C\u00f4t\u00e9 galerie\u200a:  le travail de l\u2019encre en noir et blanc<\/p>\n<p><strong\/>Du 14 au 16\u00a0novembre, la graphiste ind\u00e9pendante DYL\u2019M pr\u00e9sentera son exposition \u201cEncrer dans l\u2019ombre\u201d. \u00ab\u00a0Je dessine principalement en noir et blanc avec des feutres \u00e0 pigment et encre de Chine. J\u2019aime travailler le contraste du noir et blanc, trouver le bon \u00e9quilibre graphique entre masse noire et vide que ce soit sur papier, kraft, bois, mur ou tout autre support artistiquement int\u00e9ressant. Mes univers sont plut\u00f4t vari\u00e9s, allant de l\u2019art classique de grands ma\u00eetres, faune et flore, piraterie, \u00e0 l\u2019univers Disney\u2026\u00a0\u00bb<\/p>\n<p class=\"note\">Gratuit. Vernissage le 14\u00a0novembre \u00e0 18\u00a0h\u00a030. Permanences samedi et dimanche de 10\u00a0h \u00e0 18\u00a0h.<\/p>\n","protected":false},"excerpt":{"rendered":"Mardi 4\u00a0novembre (20\u00a0h)\u00a0: Tremplin sc\u00e8ne ouverte Vous aimez chanter, r\u00e9citer, jouer d\u2019un instrument\u00a0? Venez pr\u00e9senter votre talent sur&hellip;\n","protected":false},"author":2,"featured_media":491961,"comment_status":"","ping_status":"","sticky":false,"template":"","format":"standard","meta":{"footnotes":""},"categories":[9566],"tags":[1111,11,2430,1687,112,1777,674,12127,1011,27,2731,873,12,25,276,3140],"class_list":{"0":"post-491960","1":"post","2":"type-post","3":"status-publish","4":"format-standard","5":"has-post-thumbnail","7":"category-grenoble","8":"tag-actu","9":"tag-actualites","10":"tag-auvergne-rhone-alpes","11":"tag-culture-loisirs","12":"tag-edition-grenoble-agglomeration","13":"tag-eu","14":"tag-europe","15":"tag-fontanil-cornillon","16":"tag-fr","17":"tag-france","18":"tag-grenoble","19":"tag-musique","20":"tag-news","21":"tag-republique-francaise","22":"tag-saint-egreve-et-autour","23":"tag-spectacle"},"share_on_mastodon":{"url":"https:\/\/pubeurope.com\/@fr\/115442736414561188","error":""},"_links":{"self":[{"href":"https:\/\/www.europesays.com\/fr\/wp-json\/wp\/v2\/posts\/491960","targetHints":{"allow":["GET"]}}],"collection":[{"href":"https:\/\/www.europesays.com\/fr\/wp-json\/wp\/v2\/posts"}],"about":[{"href":"https:\/\/www.europesays.com\/fr\/wp-json\/wp\/v2\/types\/post"}],"author":[{"embeddable":true,"href":"https:\/\/www.europesays.com\/fr\/wp-json\/wp\/v2\/users\/2"}],"replies":[{"embeddable":true,"href":"https:\/\/www.europesays.com\/fr\/wp-json\/wp\/v2\/comments?post=491960"}],"version-history":[{"count":0,"href":"https:\/\/www.europesays.com\/fr\/wp-json\/wp\/v2\/posts\/491960\/revisions"}],"wp:featuredmedia":[{"embeddable":true,"href":"https:\/\/www.europesays.com\/fr\/wp-json\/wp\/v2\/media\/491961"}],"wp:attachment":[{"href":"https:\/\/www.europesays.com\/fr\/wp-json\/wp\/v2\/media?parent=491960"}],"wp:term":[{"taxonomy":"category","embeddable":true,"href":"https:\/\/www.europesays.com\/fr\/wp-json\/wp\/v2\/categories?post=491960"},{"taxonomy":"post_tag","embeddable":true,"href":"https:\/\/www.europesays.com\/fr\/wp-json\/wp\/v2\/tags?post=491960"}],"curies":[{"name":"wp","href":"https:\/\/api.w.org\/{rel}","templated":true}]}}