{"id":491964,"date":"2025-10-26T22:07:20","date_gmt":"2025-10-26T22:07:20","guid":{"rendered":"https:\/\/www.europesays.com\/fr\/491964\/"},"modified":"2025-10-26T22:07:20","modified_gmt":"2025-10-26T22:07:20","slug":"du-nouveau-a-la-tete-des-scouts-de-france-de-saint-gregoire","status":"publish","type":"post","link":"https:\/\/www.europesays.com\/fr\/491964\/","title":{"rendered":"Du nouveau \u00e0 la t\u00eate des scouts de France de Saint-Gr\u00e9goire"},"content":{"rendered":"<tr wp_automatic_readability=\"4.8828125\">\n<td valign=\"middle\" align=\"center\" class=\"col-logo\" wp_automatic_readability=\"5\">\n    <img decoding=\"async\" src=\"https:\/\/maville.com\/design\/images\/logo-of-monetise.svg?version=20130627\" alt=\"logo Ouest-France\" height=\"66\"\/><\/p>\n<p>Contenu r\u00e9serv\u00e9 aux abonn\u00e9s<\/p>\n<\/td>\n<td class=\"col-titre\">\n\t\t\tDimanche 26 octobre 2025 17:36<br \/>\n\t\t\t<a class=\"icon-bulle sizeL count\" href=\"#ancreAvis\"><br \/>\n\t&#8230;<br \/>\n<\/a><\/td>\n<\/tr>\n<p>\t\t<a class=\"mavillebox2 elmt-photo\" href=\"https:\/\/maville.com\/photosmvi\/2025\/10\/26\/P35545753D7037733G.jpg\" title=\" S\u00e9gol\u00e8ne Grimonpont\u00a0et Xavier Bouldoire sont les parents responsables de l\u2019antenne de Saint-Gr\u00e9goire des scouts et guides de France.  \u00a9  Ouest-France  \" rel=\"galerie_actu noopener\" target=\"_blank\"><br \/>\n\t<img decoding=\"async\" src=\"https:\/\/www.europesays.com\/fr\/wp-content\/uploads\/2025\/10\/P35545753D7037733G_crop_640-330_.jpg\" alt=\"photo  s\u00e9gol\u00e8ne grimonpont\u00a0et xavier bouldoire sont les parents responsables de l\u2019antenne de saint-gr\u00e9goire des scouts et guides de france.  \u00a9  ouest-france \"\/><br \/>\n\t1<br \/>\n<\/a><\/p>\n<p class=\"elmt-legende\"> S\u00e9gol\u00e8ne Grimonpont\u00a0et Xavier Bouldoire sont les parents responsables de l\u2019antenne de Saint-Gr\u00e9goire des scouts et guides de France.  \u00a9  Ouest-France  <\/p>\n<p>\t\tInstall\u00e9 depuis trois\u00a0ans \u00e0 Saint-Gr\u00e9goire (Ille-et-Vilaine), le groupe des Scouts et Guides de France (SGDF) accueille plus d\u2019une centaine de jeunes \u00e2g\u00e9s de 6 \u00e0 18\u00a0ans. Les nouveaux responsables expliquent les objectifs de ce r\u00e9cent groupe qui rencontre un vif succ\u00e8s.<\/p>\n<p><b>Cet article est r\u00e9serv\u00e9 aux abonn\u00e9s<\/b><\/p>\n<p>Pour un acc\u00e8s imm\u00e9diat, abonnez-vous<\/p>\n<p><b>1\u00e8re semaine offerte<\/b><\/p>\n<p>\t\tOuest-France<\/p>\n<p>Retrouvez d&rsquo;autres actus sur la commune de :<\/p>\n<p>\t\t&#13;<\/p>\n","protected":false},"excerpt":{"rendered":"Contenu r\u00e9serv\u00e9 aux abonn\u00e9s Dimanche 26 octobre 2025 17:36 &#8230; 1 S\u00e9gol\u00e8ne Grimonpont\u00a0et Xavier Bouldoire sont les parents&hellip;\n","protected":false},"author":2,"featured_media":491965,"comment_status":"","ping_status":"","sticky":false,"template":"","format":"standard","meta":{"footnotes":""},"categories":[2821],"tags":[1111,11,829,1777,674,1011,27,12,4565,584,25,5372,41620,17643],"class_list":{"0":"post-491964","1":"post","2":"type-post","3":"status-publish","4":"format-standard","5":"has-post-thumbnail","7":"category-rennes","8":"tag-actu","9":"tag-actualites","10":"tag-bretagne","11":"tag-eu","12":"tag-europe","13":"tag-fr","14":"tag-france","15":"tag-news","16":"tag-nouveau","17":"tag-rennes","18":"tag-republique-francaise","19":"tag-saint-gregoire","20":"tag-scouts","21":"tag-tete"},"share_on_mastodon":{"url":"https:\/\/pubeurope.com\/@fr\/115442748852835060","error":""},"_links":{"self":[{"href":"https:\/\/www.europesays.com\/fr\/wp-json\/wp\/v2\/posts\/491964","targetHints":{"allow":["GET"]}}],"collection":[{"href":"https:\/\/www.europesays.com\/fr\/wp-json\/wp\/v2\/posts"}],"about":[{"href":"https:\/\/www.europesays.com\/fr\/wp-json\/wp\/v2\/types\/post"}],"author":[{"embeddable":true,"href":"https:\/\/www.europesays.com\/fr\/wp-json\/wp\/v2\/users\/2"}],"replies":[{"embeddable":true,"href":"https:\/\/www.europesays.com\/fr\/wp-json\/wp\/v2\/comments?post=491964"}],"version-history":[{"count":0,"href":"https:\/\/www.europesays.com\/fr\/wp-json\/wp\/v2\/posts\/491964\/revisions"}],"wp:featuredmedia":[{"embeddable":true,"href":"https:\/\/www.europesays.com\/fr\/wp-json\/wp\/v2\/media\/491965"}],"wp:attachment":[{"href":"https:\/\/www.europesays.com\/fr\/wp-json\/wp\/v2\/media?parent=491964"}],"wp:term":[{"taxonomy":"category","embeddable":true,"href":"https:\/\/www.europesays.com\/fr\/wp-json\/wp\/v2\/categories?post=491964"},{"taxonomy":"post_tag","embeddable":true,"href":"https:\/\/www.europesays.com\/fr\/wp-json\/wp\/v2\/tags?post=491964"}],"curies":[{"name":"wp","href":"https:\/\/api.w.org\/{rel}","templated":true}]}}