{"id":49198,"date":"2025-04-24T12:52:10","date_gmt":"2025-04-24T12:52:10","guid":{"rendered":"https:\/\/www.europesays.com\/fr\/49198\/"},"modified":"2025-04-24T12:52:10","modified_gmt":"2025-04-24T12:52:10","slug":"dijon-ancienne-professeure-deps-elle-devient-photographe-et-decroche-le-titre-de-portraitiste-de-france","status":"publish","type":"post","link":"https:\/\/www.europesays.com\/fr\/49198\/","title":{"rendered":"Dijon. Ancienne professeure d\u2019EPS, elle devient photographe et d\u00e9croche le titre de portraitiste de France\u00a0!"},"content":{"rendered":"<p>Professeure d\u2019\u00e9ducation physique et sportive depuis 2000, date d\u2019obtention de son Capes, Laurence Bram a d\u00e9cid\u00e9, apr\u00e8s vingt-cinq ann\u00e9es pass\u00e9es dans l\u2019\u00c9ducation nationale, de renouer avec son c\u00f4t\u00e9 artistique en devenant photographe professionnelle.<\/p>\n<p>\u00c0 46 ans, la Dijonnaise de naissance, maman de deux filles, a semble-t-il, fait le bon choix, puisqu\u2019elle vient d\u2019obtenir le titre de portraitiste de France. \u00ab\u00a0C\u2019est la premi\u00e8re fois que je participais \u00e0 ce&#8230;<\/p>\n","protected":false},"excerpt":{"rendered":"Professeure d\u2019\u00e9ducation physique et sportive depuis 2000, date d\u2019obtention de son Capes, Laurence Bram a d\u00e9cid\u00e9, apr\u00e8s vingt-cinq&hellip;\n","protected":false},"author":2,"featured_media":49199,"comment_status":"","ping_status":"","sticky":false,"template":"","format":"standard","meta":{"footnotes":""},"categories":[1358],"tags":[1348,1384,1385,2931,1386,2930,8587,58,8588,59,107,1011,27,1757,4604],"class_list":{"0":"post-49198","1":"post","2":"type-post","3":"status-publish","4":"format-standard","5":"has-post-thumbnail","7":"category-arts-et-design","8":"tag-arts","9":"tag-arts-and-design","10":"tag-arts-et-design","11":"tag-cote-dor","12":"tag-design","13":"tag-dijon","14":"tag-dijon-ville","15":"tag-divertissement","16":"tag-edition-dijon-et-son-agglomeration","17":"tag-entertainment","18":"tag-fil-info","19":"tag-fr","20":"tag-france","21":"tag-insolite","22":"tag-selection-abonne"},"share_on_mastodon":{"url":"https:\/\/pubeurope.com\/@fr\/114393038850728857","error":""},"_links":{"self":[{"href":"https:\/\/www.europesays.com\/fr\/wp-json\/wp\/v2\/posts\/49198","targetHints":{"allow":["GET"]}}],"collection":[{"href":"https:\/\/www.europesays.com\/fr\/wp-json\/wp\/v2\/posts"}],"about":[{"href":"https:\/\/www.europesays.com\/fr\/wp-json\/wp\/v2\/types\/post"}],"author":[{"embeddable":true,"href":"https:\/\/www.europesays.com\/fr\/wp-json\/wp\/v2\/users\/2"}],"replies":[{"embeddable":true,"href":"https:\/\/www.europesays.com\/fr\/wp-json\/wp\/v2\/comments?post=49198"}],"version-history":[{"count":0,"href":"https:\/\/www.europesays.com\/fr\/wp-json\/wp\/v2\/posts\/49198\/revisions"}],"wp:featuredmedia":[{"embeddable":true,"href":"https:\/\/www.europesays.com\/fr\/wp-json\/wp\/v2\/media\/49199"}],"wp:attachment":[{"href":"https:\/\/www.europesays.com\/fr\/wp-json\/wp\/v2\/media?parent=49198"}],"wp:term":[{"taxonomy":"category","embeddable":true,"href":"https:\/\/www.europesays.com\/fr\/wp-json\/wp\/v2\/categories?post=49198"},{"taxonomy":"post_tag","embeddable":true,"href":"https:\/\/www.europesays.com\/fr\/wp-json\/wp\/v2\/tags?post=49198"}],"curies":[{"name":"wp","href":"https:\/\/api.w.org\/{rel}","templated":true}]}}