{"id":492027,"date":"2025-10-26T22:54:17","date_gmt":"2025-10-26T22:54:17","guid":{"rendered":"https:\/\/www.europesays.com\/fr\/492027\/"},"modified":"2025-10-26T22:54:17","modified_gmt":"2025-10-26T22:54:17","slug":"cyclo-cross-de-firminy-nicolas-bonnefoy-1er-actualite","status":"publish","type":"post","link":"https:\/\/www.europesays.com\/fr\/492027\/","title":{"rendered":"Cyclo-cross de Firminy : Nicolas Bonnefoy 1er &#8211; Actualit\u00e9"},"content":{"rendered":"<p>                                                                    <img decoding=\"async\" src=\"https:\/\/www.europesays.com\/fr\/wp-content\/uploads\/2025\/10\/68fe68dd70fb2.JPG\" height=\"auto\" loading=\"lazy\"\/><br \/>\n                                                                    Cr\u00e9dit photo Manu Bonnefoy<\/p>\n<p class=\"images-caption\">Cr\u00e9dit photo Manu Bonnefoy<\/p>\n<p class=\"metadata\">\n<p>        Le<br \/>\n    26 octobre 2025, 19:35<\/p>\n<p style=\"text-align: justify;\">Nicolas Bonnefoy (CR4C Roanne) a remport\u00e9, ce dimanche, le cyclo-cross de Firminy Vert (Loire), organis\u00e9 par l&rsquo;ECO Firminy. Il a devanc\u00e9 Lubin Monteil (Le Roc de la L\u00e8gue) et MaNicolas Bonnefoy succ\u00e8de \u00e0 Eliote Ponchon (VC Villefranche Beaujolais) au palmar\u00e8s.<\/p>\n<p><strong>Classement non-officiel :<\/strong><br \/><strong>S\u00e9niors et U23<\/strong><br \/>1 Nicolas Bonnefoy (CR4C Roanne)<br \/>2 Lubin Monteil (Le Roc de la L\u00e8gue)<br \/>3 Matthieu Jacquin (XC63)<br \/>4 Alan Crozier (ECSEL)<br \/>5 Alexis Filliat (UC Ambert)<br \/>6 J\u00e9r\u00e9mie Bonnefoy (CR4C Roanne)<br \/>7 Bertrand Seryes (XC63)<br \/>8 Elyas Gordons (VC Villefranche Beaujolais)<br \/>9 Gauthier Monteil (XC63)<br \/>10 Antoine Piraudon (UC P\u00e9lussin)<br \/>11 Cyril Fernandez-Perez (Orci\u00e8res-Merlette)<br \/>12 Guillaume Perrot (Saint-Martin en haut )<br \/>13 S\u00e9bastien Desgoutte (Le Chambon-Feugerolles)<br \/>14 Antoine Latuile (V\u00e9lo Vert Savignolais)<br \/>15 C\u00e9dric Gonthier ((VC Pays Vallonnais)<br \/>16 Laurent Tusah (VC ST Quentin Fallavier)<br \/>17 Sebastien Blondel (UNITEAM)<br \/>18 Lilian Chalencon (ECSEL)<br \/>19 Mathias Alafort Duverger (ST Quentin Fallavier)<br \/>20 Enzo Machabert (V\u00e9lo Vert Savignolais)<\/p>\n<p>Remerciements \u00e0 Manu Bonnefoy.<\/p>\n<p>            En savoir plus : coureurs et \u00e9quipes associ\u00e9s<\/p>\n<p>                Coureurs<\/p>\n<p>                    <img decoding=\"async\" src=\"https:\/\/www.europesays.com\/fr\/wp-content\/uploads\/2025\/10\/64242d491469f.JPG\" height=\"auto\" loading=\"lazy\"\/><\/p>\n<p>                            Portrait de Nicolas BONNEFOY<\/p>\n<p>                \u00c9quipes<\/p>\n","protected":false},"excerpt":{"rendered":"Cr\u00e9dit photo Manu Bonnefoy Cr\u00e9dit photo Manu Bonnefoy Le 26 octobre 2025, 19:35 Nicolas Bonnefoy (CR4C Roanne) a&hellip;\n","protected":false},"author":2,"featured_media":492028,"comment_status":"","ping_status":"","sticky":false,"template":"","format":"standard","meta":{"footnotes":""},"categories":[1411],"tags":[834,828,836,829,837,827,83,826,824,823,1154,207,814,817,815,816,822,821,832,211,839,1011,27,820,818,819,835,831,830,833,838,60,212,208,825],"class_list":{"0":"post-492027","1":"post","2":"type-post","3":"status-publish","4":"format-standard","5":"has-post-thumbnail","7":"category-cyclisme","8":"tag-attaque","9":"tag-belgique","10":"tag-braquet","11":"tag-bretagne","12":"tag-chute","13":"tag-competition","14":"tag-coupe-de-france","15":"tag-coureur","16":"tag-course-cyclisme","17":"tag-course-cycliste","18":"tag-cycling","19":"tag-cyclisme","20":"tag-direct","21":"tag-direct-velo","22":"tag-directvelo","23":"tag-directvelo-com","24":"tag-epreuve","25":"tag-epreuve-cycliste","26":"tag-federation-francaise-de-cyclisme","27":"tag-ffc","28":"tag-flandres","29":"tag-fr","30":"tag-france","31":"tag-live","32":"tag-live-course","33":"tag-live-epreuve","34":"tag-peloton","35":"tag-radio-peloton","36":"tag-radio-tour","37":"tag-ravitaillement","38":"tag-relance","39":"tag-sports","40":"tag-uci","41":"tag-velo","42":"tag-velos"},"share_on_mastodon":{"url":"https:\/\/pubeurope.com\/@fr\/115442934023470419","error":""},"_links":{"self":[{"href":"https:\/\/www.europesays.com\/fr\/wp-json\/wp\/v2\/posts\/492027","targetHints":{"allow":["GET"]}}],"collection":[{"href":"https:\/\/www.europesays.com\/fr\/wp-json\/wp\/v2\/posts"}],"about":[{"href":"https:\/\/www.europesays.com\/fr\/wp-json\/wp\/v2\/types\/post"}],"author":[{"embeddable":true,"href":"https:\/\/www.europesays.com\/fr\/wp-json\/wp\/v2\/users\/2"}],"replies":[{"embeddable":true,"href":"https:\/\/www.europesays.com\/fr\/wp-json\/wp\/v2\/comments?post=492027"}],"version-history":[{"count":0,"href":"https:\/\/www.europesays.com\/fr\/wp-json\/wp\/v2\/posts\/492027\/revisions"}],"wp:featuredmedia":[{"embeddable":true,"href":"https:\/\/www.europesays.com\/fr\/wp-json\/wp\/v2\/media\/492028"}],"wp:attachment":[{"href":"https:\/\/www.europesays.com\/fr\/wp-json\/wp\/v2\/media?parent=492027"}],"wp:term":[{"taxonomy":"category","embeddable":true,"href":"https:\/\/www.europesays.com\/fr\/wp-json\/wp\/v2\/categories?post=492027"},{"taxonomy":"post_tag","embeddable":true,"href":"https:\/\/www.europesays.com\/fr\/wp-json\/wp\/v2\/tags?post=492027"}],"curies":[{"name":"wp","href":"https:\/\/api.w.org\/{rel}","templated":true}]}}