{"id":492029,"date":"2025-10-26T22:55:13","date_gmt":"2025-10-26T22:55:13","guid":{"rendered":"https:\/\/www.europesays.com\/fr\/492029\/"},"modified":"2025-10-26T22:55:13","modified_gmt":"2025-10-26T22:55:13","slug":"la-reponse-de-xabi-alonso-a-la-colere-de-vinicius-liga-j10-real-madrid-fc-barcelone-2-1","status":"publish","type":"post","link":"https:\/\/www.europesays.com\/fr\/492029\/","title":{"rendered":"La r\u00e9ponse de Xabi Alonso \u00e0 la col\u00e8re de Vin\u00edcius &#8211; Liga &#8211; J10 &#8211; Real Madrid-FC Barcelone (2-1)"},"content":{"rendered":"<p>Faudra venir lui dire au local.<\/p>\n<p>Interrog\u00e9 en conf\u00e9rence de presse apr\u00e8s la victoire madril\u00e8ne <a target=\"_blank\" href=\"https:\/\/www.sofoot.com\/articles\/liga-le-real-madrid-simpose-face-a-un-faible-fc-barcelone\" rel=\"nofollow noopener\">lors du Cl\u00e1sico (2-1)<\/a> sur le comportement de Vin\u00edcius J\u00fanior <a target=\"_blank\" href=\"https:\/\/www.sofoot.com\/breves\/liga-vincius-furieux-de-se-faire-remplacer-durant-le-Cl%C3%A1sico-face-au-fc-barcelone\" rel=\"nofollow noopener\">au moment de son remplacement<\/a>, <strong>Xabi Alonso a livr\u00e9 sa version de l\u2019histoire<\/strong>. \u00ab\u202fVous devez savoir comment traiter les diff\u00e9rentes personnalit\u00e9s avec la m\u00eame exigence, avec le m\u00eame respect. Nous allons profiter (de la victoire NDLR) et, le moment venu, nous allons en parler, bien s\u00fbr, dans les vestiaires\u00a0\u00bb, a expliqu\u00e9 le tacticien basque.<\/p>\n<p>Ce n\u2019est d\u2019ailleurs<strong> pas la premi\u00e8re fois de la saison que Vini montre son \u00e9nervement<\/strong> \u00e0 son coach \u00e0 l\u2019occasion d\u2019un changement. <strong>D\u00e9j\u00e0 lors de la deuxi\u00e8me journ\u00e9e de Ligue des champions<\/strong> <a target=\"_blank\" href=\"https:\/\/www.sofoot.com\/breves\/ligue-des-champions-mbappe-porte-encore-le-real-a-almaty-latalanta-renverse-bruges\" rel=\"nofollow noopener\">face \u00e0 Kairat Almaty (0-5)<\/a>, l\u2019international br\u00e9silien avait particuli\u00e8rement peu go\u00fbt\u00e9 son remplacement \u00e0 la 70e minute par Brahim D\u00edaz.<\/p>\n<p>Il est dans son <a target=\"_blank\" href=\"https:\/\/www.youtube.com\/watch?v=K0qTjzw_EcY\" rel=\"nofollow noopener\">comportement<\/a>, comme le chanterait Aya Nakamura.<\/p>\n<p>\t\t\t\t\t\t\t\t\t\t<a class=\"lien-connexe\" href=\"https:\/\/www.sofoot.com\/breves\/liga-jude-bellingham-soffre-un-record-de-precocite-apres-la-victoire-madrilene-dans-le-clasico-face-au-fc-barcelone\" rel=\"nofollow noopener\" target=\"_blank\">Jude Bellingham s\u2019offre un record de pr\u00e9cocit\u00e9<\/a>\t\t\t\t\t<\/p>\n","protected":false},"excerpt":{"rendered":"Faudra venir lui dire au local. Interrog\u00e9 en conf\u00e9rence de presse apr\u00e8s la victoire madril\u00e8ne lors du Cl\u00e1sico&hellip;\n","protected":false},"author":2,"featured_media":492030,"comment_status":"","ping_status":"","sticky":false,"template":"","format":"standard","meta":{"footnotes":""},"categories":[1410],"tags":[47,61,69,65,64,63,1011,27,68,66,62,70,67,60],"class_list":{"0":"post-492029","1":"post","2":"type-post","3":"status-publish","4":"format-standard","5":"has-post-thumbnail","7":"category-football","8":"tag-actualite","9":"tag-actus-football","10":"tag-bundesliga","11":"tag-championnats-europeens","12":"tag-equipe-de-france","13":"tag-football","14":"tag-fr","15":"tag-france","16":"tag-ligua","17":"tag-ligue-1","18":"tag-news-foot","19":"tag-premier-league","20":"tag-serie-a","21":"tag-sports"},"share_on_mastodon":{"url":"https:\/\/pubeurope.com\/@fr\/115442936930848502","error":""},"_links":{"self":[{"href":"https:\/\/www.europesays.com\/fr\/wp-json\/wp\/v2\/posts\/492029","targetHints":{"allow":["GET"]}}],"collection":[{"href":"https:\/\/www.europesays.com\/fr\/wp-json\/wp\/v2\/posts"}],"about":[{"href":"https:\/\/www.europesays.com\/fr\/wp-json\/wp\/v2\/types\/post"}],"author":[{"embeddable":true,"href":"https:\/\/www.europesays.com\/fr\/wp-json\/wp\/v2\/users\/2"}],"replies":[{"embeddable":true,"href":"https:\/\/www.europesays.com\/fr\/wp-json\/wp\/v2\/comments?post=492029"}],"version-history":[{"count":0,"href":"https:\/\/www.europesays.com\/fr\/wp-json\/wp\/v2\/posts\/492029\/revisions"}],"wp:featuredmedia":[{"embeddable":true,"href":"https:\/\/www.europesays.com\/fr\/wp-json\/wp\/v2\/media\/492030"}],"wp:attachment":[{"href":"https:\/\/www.europesays.com\/fr\/wp-json\/wp\/v2\/media?parent=492029"}],"wp:term":[{"taxonomy":"category","embeddable":true,"href":"https:\/\/www.europesays.com\/fr\/wp-json\/wp\/v2\/categories?post=492029"},{"taxonomy":"post_tag","embeddable":true,"href":"https:\/\/www.europesays.com\/fr\/wp-json\/wp\/v2\/tags?post=492029"}],"curies":[{"name":"wp","href":"https:\/\/api.w.org\/{rel}","templated":true}]}}