{"id":492031,"date":"2025-10-26T22:56:16","date_gmt":"2025-10-26T22:56:16","guid":{"rendered":"https:\/\/www.europesays.com\/fr\/492031\/"},"modified":"2025-10-26T22:56:16","modified_gmt":"2025-10-26T22:56:16","slug":"une-star-mondiale-au-casting-du-prochain-film-dix-pour-cent","status":"publish","type":"post","link":"https:\/\/www.europesays.com\/fr\/492031\/","title":{"rendered":"Une star mondiale au casting du prochain film \u00ab\u00a0Dix pour cent\u00a0\u00bb\u00a0!"},"content":{"rendered":"<p class=\"text-left ap-StoryElement ap-StoryElement--mb ap-StoryText\">Apr\u00e8s la s\u00e9rie, place au film. En 2026, \u00ab\u00a0Dix pour cent\u00a0\u00bb sortira sur grand \u00e9cran. Si on ignore encore la date pr\u00e9cise et le sc\u00e9nario envisag\u00e9, nul doute qu&rsquo;il s&rsquo;agira de suivre \u2013 encore et toujours \u2013 les aventures d&rsquo;Andr\u00e9a Martel, Herv\u00e9 Andr\u00e9-Jezack, No\u00e9mie Leclerc et Mathias Barneville.<\/p>\n<p class=\"text-left ap-StoryElement ap-StoryElement--mb ap-StoryText\">Les acteurs cl\u00e9s de la s\u00e9rie seront d&rsquo;ailleurs \u00e0 l&rsquo;affiche du film. Mais ce week-end, c&rsquo;est une petite bombe que l\u00e2che <a href=\"https:\/\/www.leparisien.fr\/culture-loisirs\/cinema\/george-clooney-je-vais-jouer-dans-le-film-dix-pour-cent-et-jarrive-a-paris-pour-le-tournage-25-10-2025-4OSGJURQQVCK5K2A45P5NDEISI.php?xtor=AD-366\" target=\"_self\" rel=\"nofollow noopener\">Le Parisien<\/a>. En effet, nos confr\u00e8res rapportent que George Clooney sera de la partie. L&rsquo;acteur phare l&rsquo;a annonc\u00e9 lui-m\u00eame au m\u00e9dia fran\u00e7ais \u00e0 l&rsquo;occasion de la projection en avant-premi\u00e8re de son prochain film \u00ab\u00a0Jay Kelly\u00a0\u00bb, \u00e0 Los Angeles.<\/p>\n","protected":false},"excerpt":{"rendered":"Apr\u00e8s la s\u00e9rie, place au film. En 2026, \u00ab\u00a0Dix pour cent\u00a0\u00bb sortira sur grand \u00e9cran. Si on ignore&hellip;\n","protected":false},"author":2,"featured_media":492032,"comment_status":"","ping_status":"","sticky":false,"template":"","format":"standard","meta":{"footnotes":""},"categories":[1359],"tags":[58,59,1011,27,1227,973],"class_list":{"0":"post-492031","1":"post","2":"type-post","3":"status-publish","4":"format-standard","5":"has-post-thumbnail","7":"category-people","8":"tag-divertissement","9":"tag-entertainment","10":"tag-fr","11":"tag-france","12":"tag-horizontal","13":"tag-people"},"share_on_mastodon":{"url":"","error":""},"_links":{"self":[{"href":"https:\/\/www.europesays.com\/fr\/wp-json\/wp\/v2\/posts\/492031","targetHints":{"allow":["GET"]}}],"collection":[{"href":"https:\/\/www.europesays.com\/fr\/wp-json\/wp\/v2\/posts"}],"about":[{"href":"https:\/\/www.europesays.com\/fr\/wp-json\/wp\/v2\/types\/post"}],"author":[{"embeddable":true,"href":"https:\/\/www.europesays.com\/fr\/wp-json\/wp\/v2\/users\/2"}],"replies":[{"embeddable":true,"href":"https:\/\/www.europesays.com\/fr\/wp-json\/wp\/v2\/comments?post=492031"}],"version-history":[{"count":0,"href":"https:\/\/www.europesays.com\/fr\/wp-json\/wp\/v2\/posts\/492031\/revisions"}],"wp:featuredmedia":[{"embeddable":true,"href":"https:\/\/www.europesays.com\/fr\/wp-json\/wp\/v2\/media\/492032"}],"wp:attachment":[{"href":"https:\/\/www.europesays.com\/fr\/wp-json\/wp\/v2\/media?parent=492031"}],"wp:term":[{"taxonomy":"category","embeddable":true,"href":"https:\/\/www.europesays.com\/fr\/wp-json\/wp\/v2\/categories?post=492031"},{"taxonomy":"post_tag","embeddable":true,"href":"https:\/\/www.europesays.com\/fr\/wp-json\/wp\/v2\/tags?post=492031"}],"curies":[{"name":"wp","href":"https:\/\/api.w.org\/{rel}","templated":true}]}}